{"id":11111,"date":"2013-12-18T08:19:27","date_gmt":"2013-12-18T07:19:27","guid":{"rendered":"https:\/\/szentes-klauzalgabor.hu\/iskola\/?p=11111"},"modified":"2013-12-18T08:23:59","modified_gmt":"2013-12-18T07:23:59","slug":"11111","status":"publish","type":"post","link":"https:\/\/szentes-klauzalgabor.hu\/iskola\/archives\/11111","title":{"rendered":"V\u00e1rosi angol rejtv\u00e9nyfejt\u0151"},"content":{"rendered":"<p style=\"text-align: justify;\"><a href=\"https:\/\/szentes-klauzalgabor.hu\/iskola\/fotoalbum\/20132014-rejtett\/varosi-rejtvenyfejto\"><img loading=\"lazy\" decoding=\"async\" class=\"alignright size-medium wp-image-11105\" title=\"v\u00e1rosi rejtv\u00e9nyfejt\u0151\" src=\"https:\/\/szentes-klauzalgabor.hu\/iskola\/wp-content\/uploads\/2013\/12\/v\u00e1rosi-rejtv\u00e9nyfejt\u0151-300x225.jpg\" alt=\"\" width=\"300\" height=\"225\" srcset=\"https:\/\/szentes-klauzalgabor.hu\/iskola\/wp-content\/uploads\/2013\/12\/v\u00e1rosi-rejtv\u00e9nyfejt\u0151-300x225.jpg 300w, https:\/\/szentes-klauzalgabor.hu\/iskola\/wp-content\/uploads\/2013\/12\/v\u00e1rosi-rejtv\u00e9nyfejt\u0151.jpg 1024w\" sizes=\"(max-width: 300px) 100vw, 300px\" \/><\/a><\/p>\n<p style=\"text-align: justify;\">\u00a0<\/p>\n<p style=\"text-align: justify;\">2013. dec-17-\u00e9n rendezt\u00e9k meg a Koszta J\u00f3zsef \u00c1ltal\u00e1nos Iskol\u00e1ban a v\u00e1rosi angol nyelvi rejtv\u00e9nyfejt\u0151 versenyt a 6. oszt\u00e1lyosok sz\u00e1m\u00e1ra. Iskol\u00e1nk csapata III. helyez\u00e9st \u00e9rt el.<\/p>\n<p style=\"text-align: justify;\">Csapattagok: Dragon Kitti, Komj\u00e1ti Anik\u00f3, Szab\u00f3 Bence \u00e9s Szikora Evelin 6. a oszt\u00e1lyos tanul\u00f3k.<\/p>\n<p style=\"text-align: justify;\">Gratul\u00e1lunk a csapat tagjainak!<\/p>\n<p style=\"text-align: justify;\">Felk\u00e9sz\u00edt\u0151 tan\u00e1ruk: Doszt\u00e1l Di\u00e1na<\/p>\n<p style=\"text-align: justify;\">\u00a0<\/p>\n<p style=\"text-align: justify;\">\u00a0<\/p>\n<p style=\"text-align: justify;\">\u00a0<\/p>\n<p style=\"text-align: justify;\">\u00a0<\/p>\n<p style=\"text-align: right;\"><em><br \/><\/em><\/p>\n<p style=\"text-align: right;\"><em>2013. december 18.<\/em><\/p>\n","protected":false},"excerpt":{"rendered":"<p>\u00a0 2013. dec-17-\u00e9n rendezt\u00e9k meg a Koszta J\u00f3zsef \u00c1ltal\u00e1nos Iskol\u00e1ban a v\u00e1rosi angol nyelvi rejtv\u00e9nyfejt\u0151 versenyt a 6. oszt\u00e1lyosok sz\u00e1m\u00e1ra. Iskol\u00e1nk csapata III. helyez\u00e9st \u00e9rt el. Csapattagok: Dragon Kitti, Komj\u00e1ti Anik\u00f3, Szab\u00f3 Bence \u00e9s Szikora Evelin 6. a oszt\u00e1lyos tanul\u00f3k. Gratul\u00e1lunk a csapat tagjainak! Felk\u00e9sz\u00edt\u0151 tan\u00e1ruk: Doszt\u00e1l Di\u00e1na \u00a0 \u00a0 \u00a0 \u00a0 2013. december 18.<\/p>\n","protected":false},"author":1,"featured_media":0,"comment_status":"open","ping_status":"open","sticky":false,"template":"","format":"standard","meta":{"_et_pb_use_builder":"","_et_pb_old_content":"","_et_gb_content_width":"","footnotes":""},"categories":[3],"tags":[],"class_list":["post-11111","post","type-post","status-publish","format-standard","hentry","category-hirek"],"_links":{"self":[{"href":"https:\/\/szentes-klauzalgabor.hu\/iskola\/wp-json\/wp\/v2\/posts\/11111","targetHints":{"allow":["GET"]}}],"collection":[{"href":"https:\/\/szentes-klauzalgabor.hu\/iskola\/wp-json\/wp\/v2\/posts"}],"about":[{"href":"https:\/\/szentes-klauzalgabor.hu\/iskola\/wp-json\/wp\/v2\/types\/post"}],"author":[{"embeddable":true,"href":"https:\/\/szentes-klauzalgabor.hu\/iskola\/wp-json\/wp\/v2\/users\/1"}],"replies":[{"embeddable":true,"href":"https:\/\/szentes-klauzalgabor.hu\/iskola\/wp-json\/wp\/v2\/comments?post=11111"}],"version-history":[{"count":7,"href":"https:\/\/szentes-klauzalgabor.hu\/iskola\/wp-json\/wp\/v2\/posts\/11111\/revisions"}],"predecessor-version":[{"id":11114,"href":"https:\/\/szentes-klauzalgabor.hu\/iskola\/wp-json\/wp\/v2\/posts\/11111\/revisions\/11114"}],"wp:attachment":[{"href":"https:\/\/szentes-klauzalgabor.hu\/iskola\/wp-json\/wp\/v2\/media?parent=11111"}],"wp:term":[{"taxonomy":"category","embeddable":true,"href":"https:\/\/szentes-klauzalgabor.hu\/iskola\/wp-json\/wp\/v2\/categories?post=11111"},{"taxonomy":"post_tag","embeddable":true,"href":"https:\/\/szentes-klauzalgabor.hu\/iskola\/wp-json\/wp\/v2\/tags?post=11111"}],"curies":[{"name":"wp","href":"https:\/\/api.w.org\/{rel}","templated":true}]}}