{"id":1312,"date":"2011-03-24T08:06:06","date_gmt":"2011-03-24T07:06:06","guid":{"rendered":"https:\/\/szentes-klauzalgabor.hu\/iskola\/?p=1312"},"modified":"2011-03-28T14:07:41","modified_gmt":"2011-03-28T13:07:41","slug":"1312","status":"publish","type":"post","link":"https:\/\/szentes-klauzalgabor.hu\/iskola\/archives\/1312","title":{"rendered":"Mezei fut\u00f3verseny"},"content":{"rendered":"<p>A 2011. m\u00e1rcius 24-\u00e9n rendezett mezei fut\u00f3versenyen iskol\u00e1nk 72 tanul\u00f3ja vett r\u00e9szt.<\/p>\n<p><span style=\"text-decoration: underline;\">\u00c9rmes helyez\u00e9st \u00e9rt el:<\/span><a href=\"https:\/\/szentes-klauzalgabor.hu\/iskola\/fotoalbum\/2010-2011\/1268-2\"><img loading=\"lazy\" decoding=\"async\" class=\"size-medium wp-image-1290 alignright\" title=\"kep022\" src=\"https:\/\/szentes-klauzalgabor.hu\/iskola\/wp-content\/uploads\/2011\/03\/kep0229-300x225.jpg\" alt=\"\" width=\"210\" height=\"158\" srcset=\"https:\/\/szentes-klauzalgabor.hu\/iskola\/wp-content\/uploads\/2011\/03\/kep0229-300x225.jpg 300w, https:\/\/szentes-klauzalgabor.hu\/iskola\/wp-content\/uploads\/2011\/03\/kep0229.jpg 640w\" sizes=\"(max-width: 210px) 100vw, 210px\" \/><\/a><\/p>\n<ul>\n<li>II. k.cs. fi\u00fa: <strong>1. hely<\/strong><\/li>\n<li>III. k.cs. l\u00e1ny: <strong>3. hely<\/strong><\/li>\n<li>III. k.cs. fi\u00fa: <strong>2. hely<\/strong><\/li>\n<li>IV. k.cs. fi\u00fa: <strong>1 hely<\/strong><\/li>\n<\/ul>\n<p>Az iskol\u00e1k k\u00f6z\u00f6tti versenyben <strong>3. helyez\u00e9st<\/strong> \u00e9rt\u00fcnk el.<\/p>\n<p><span style=\"text-decoration: underline;\">A mezei fut\u00f3verseny megyei d\u00f6nt\u0151j\u00e9ben a v\u00e1rost k\u00e9pviseli:<\/span><\/p>\n<ul>\n<li>Szaszk\u00f3 Dominik<\/li>\n<li>Nagy D\u00e1niel<\/li>\n<li>L\u0151rincz Bence<\/li>\n<li>Nagy Roland<\/li>\n<li>T\u00f6r\u00f6k Roland<\/li>\n<\/ul>\n<address style=\"text-align: right;\">2011. m\u00e1rcius 24.<\/address>\n","protected":false},"excerpt":{"rendered":"<p>A 2011. m\u00e1rcius 24-\u00e9n rendezett mezei fut\u00f3versenyen iskol\u00e1nk 72 tanul\u00f3ja vett r\u00e9szt. \u00c9rmes helyez\u00e9st \u00e9rt el: II. k.cs. fi\u00fa: 1. hely III. k.cs. l\u00e1ny: 3. hely III. k.cs. fi\u00fa: 2. hely IV. k.cs. fi\u00fa: 1 hely Az iskol\u00e1k k\u00f6z\u00f6tti versenyben 3. helyez\u00e9st \u00e9rt\u00fcnk el. A mezei fut\u00f3verseny megyei d\u00f6nt\u0151j\u00e9ben a v\u00e1rost k\u00e9pviseli: Szaszk\u00f3 Dominik Nagy [&hellip;]<\/p>\n","protected":false},"author":1,"featured_media":0,"comment_status":"closed","ping_status":"closed","sticky":false,"template":"","format":"standard","meta":{"_et_pb_use_builder":"","_et_pb_old_content":"","_et_gb_content_width":"","footnotes":""},"categories":[3],"tags":[],"class_list":["post-1312","post","type-post","status-publish","format-standard","hentry","category-hirek"],"_links":{"self":[{"href":"https:\/\/szentes-klauzalgabor.hu\/iskola\/wp-json\/wp\/v2\/posts\/1312","targetHints":{"allow":["GET"]}}],"collection":[{"href":"https:\/\/szentes-klauzalgabor.hu\/iskola\/wp-json\/wp\/v2\/posts"}],"about":[{"href":"https:\/\/szentes-klauzalgabor.hu\/iskola\/wp-json\/wp\/v2\/types\/post"}],"author":[{"embeddable":true,"href":"https:\/\/szentes-klauzalgabor.hu\/iskola\/wp-json\/wp\/v2\/users\/1"}],"replies":[{"embeddable":true,"href":"https:\/\/szentes-klauzalgabor.hu\/iskola\/wp-json\/wp\/v2\/comments?post=1312"}],"version-history":[{"count":7,"href":"https:\/\/szentes-klauzalgabor.hu\/iskola\/wp-json\/wp\/v2\/posts\/1312\/revisions"}],"predecessor-version":[{"id":1526,"href":"https:\/\/szentes-klauzalgabor.hu\/iskola\/wp-json\/wp\/v2\/posts\/1312\/revisions\/1526"}],"wp:attachment":[{"href":"https:\/\/szentes-klauzalgabor.hu\/iskola\/wp-json\/wp\/v2\/media?parent=1312"}],"wp:term":[{"taxonomy":"category","embeddable":true,"href":"https:\/\/szentes-klauzalgabor.hu\/iskola\/wp-json\/wp\/v2\/categories?post=1312"},{"taxonomy":"post_tag","embeddable":true,"href":"https:\/\/szentes-klauzalgabor.hu\/iskola\/wp-json\/wp\/v2\/tags?post=1312"}],"curies":[{"name":"wp","href":"https:\/\/api.w.org\/{rel}","templated":true}]}}