{"id":16257,"date":"2015-01-19T09:13:12","date_gmt":"2015-01-19T08:13:12","guid":{"rendered":"https:\/\/szentes-klauzalgabor.hu\/iskola\/?p=16257"},"modified":"2015-01-19T09:13:12","modified_gmt":"2015-01-19T08:13:12","slug":"30-eves-a-klauzal-jubileumi-bal-2015-marcius-21","status":"publish","type":"post","link":"https:\/\/szentes-klauzalgabor.hu\/iskola\/archives\/16257","title":{"rendered":"30 \u00c9VES A KLAUZ\u00c1L &#8211; JUBILEUMI B\u00c1L &#8211; 2015. M\u00c1RCIUS 21."},"content":{"rendered":"<p>A Szentesi Klauz\u00e1l G\u00e1bor \u00c1ltal\u00e1nos Iskola\ufeff fenn\u00e1ll\u00e1s\u00e1nak 30. \u00e9vfordul\u00f3ja alkalm\u00e1b\u00f3l 2015. m\u00e1rcius 21-\u00e9n 19.00 \u00f3rai kezdettel jubileumi b\u00e1lt rendez\u00fcnk. A jeles esem\u00e9nyre szeretettel v\u00e1runk mindenkit, aki vel\u00fcnk egy\u00fctt szeretne \u00fcnnepelni.<\/p>\n<p>Az est f\u0151v\u00e9dn\u00f6kei: OLTY\u00c1N LAJOS c\u00edmzetes igazgat\u00f3 \u00far, a &#8222;piros iskola&#8221; els\u0151 igazgat\u00f3ja \u00e9s K\u0150HALMI ZOLT\u00c1N \u00e9p\u00edt\u00e9sz, Karinthy-gy\u0171r\u0171s humorista, iskol\u00e1nk volt di\u00e1kja.<\/p>\n<p>Szt\u00e1rvend\u00e9gk\u00e9nt fell\u00e9pnek: K\u0150HALMI ZOLT\u00c1N, az 1998-as Humorfesztiv\u00e1l gy\u0151ztese, Karinthy-gy\u0171r\u0171s humorista \u00e9s HAJD\u00da BAL\u00c1ZS, a &#8222;szentesi humormaffia legfiatalabb tagja&#8221;, aki szint\u00e9n n\u00e1lunk koptatta a padokat. Fell\u00e9pnek m\u00e9g a SZILVER T\u00c1NCSPORT EGYES\u00dcLET t\u00e1ncosai, a fergeteges hangulatr\u00f3l az ALIBI EGY\u00dcTTES gondoskodik.<\/p>\n<p>Jegyek kaphat\u00f3k el\u0151v\u00e9telben 2015. janu\u00e1r 15-t\u0151l a Szentesi Klauz\u00e1l G\u00e1bor \u00c1ltal\u00e1nos Iskol\u00e1ban T\u00edmea Varg\u00e1n\u00e9 \u0150ze\ufeff \u00e9s Szil\u00e1gyin\u00e9 Bugya M\u00e1rta\ufeff igazgat\u00f3-helyettesekn\u00e9l.<\/p>\n<p>Tov\u00e1bbi inform\u00e1ci\u00f3, \u00e9rdekl\u0151d\u00e9s: Farkas Erzs\u00e9bet Ibolya\ufeff-n\u00e1l a facebook-on valamint a Jubileumi b\u00e1l a Klauz\u00e1lban esem\u00e9ny oldal\u00e1n.<\/p>\n","protected":false},"excerpt":{"rendered":"<p>A Szentesi Klauz\u00e1l G\u00e1bor \u00c1ltal\u00e1nos Iskola\ufeff fenn\u00e1ll\u00e1s\u00e1nak 30. \u00e9vfordul\u00f3ja alkalm\u00e1b\u00f3l 2015. m\u00e1rcius 21-\u00e9n 19.00 \u00f3rai kezdettel jubileumi b\u00e1lt rendez\u00fcnk. A jeles esem\u00e9nyre szeretettel v\u00e1runk mindenkit, aki vel\u00fcnk egy\u00fctt szeretne \u00fcnnepelni. Az est f\u0151v\u00e9dn\u00f6kei: OLTY\u00c1N LAJOS c\u00edmzetes igazgat\u00f3 \u00far, a &#8222;piros iskola&#8221; els\u0151 igazgat\u00f3ja \u00e9s K\u0150HALMI ZOLT\u00c1N \u00e9p\u00edt\u00e9sz, Karinthy-gy\u0171r\u0171s humorista, iskol\u00e1nk volt di\u00e1kja. Szt\u00e1rvend\u00e9gk\u00e9nt fell\u00e9pnek: K\u0150HALMI [&hellip;]<\/p>\n","protected":false},"author":1,"featured_media":0,"comment_status":"open","ping_status":"open","sticky":false,"template":"","format":"standard","meta":{"_et_pb_use_builder":"","_et_pb_old_content":"","_et_gb_content_width":"","footnotes":""},"categories":[1],"tags":[],"class_list":["post-16257","post","type-post","status-publish","format-standard","hentry","category-nincs-kategorizalva"],"_links":{"self":[{"href":"https:\/\/szentes-klauzalgabor.hu\/iskola\/wp-json\/wp\/v2\/posts\/16257","targetHints":{"allow":["GET"]}}],"collection":[{"href":"https:\/\/szentes-klauzalgabor.hu\/iskola\/wp-json\/wp\/v2\/posts"}],"about":[{"href":"https:\/\/szentes-klauzalgabor.hu\/iskola\/wp-json\/wp\/v2\/types\/post"}],"author":[{"embeddable":true,"href":"https:\/\/szentes-klauzalgabor.hu\/iskola\/wp-json\/wp\/v2\/users\/1"}],"replies":[{"embeddable":true,"href":"https:\/\/szentes-klauzalgabor.hu\/iskola\/wp-json\/wp\/v2\/comments?post=16257"}],"version-history":[{"count":2,"href":"https:\/\/szentes-klauzalgabor.hu\/iskola\/wp-json\/wp\/v2\/posts\/16257\/revisions"}],"predecessor-version":[{"id":16259,"href":"https:\/\/szentes-klauzalgabor.hu\/iskola\/wp-json\/wp\/v2\/posts\/16257\/revisions\/16259"}],"wp:attachment":[{"href":"https:\/\/szentes-klauzalgabor.hu\/iskola\/wp-json\/wp\/v2\/media?parent=16257"}],"wp:term":[{"taxonomy":"category","embeddable":true,"href":"https:\/\/szentes-klauzalgabor.hu\/iskola\/wp-json\/wp\/v2\/categories?post=16257"},{"taxonomy":"post_tag","embeddable":true,"href":"https:\/\/szentes-klauzalgabor.hu\/iskola\/wp-json\/wp\/v2\/tags?post=16257"}],"curies":[{"name":"wp","href":"https:\/\/api.w.org\/{rel}","templated":true}]}}