{"id":25332,"date":"2022-04-11T07:10:38","date_gmt":"2022-04-11T06:10:38","guid":{"rendered":"https:\/\/szentes-klauzalgabor.hu\/iskola\/?p=25332"},"modified":"2022-04-11T16:37:45","modified_gmt":"2022-04-11T15:37:45","slug":"a-xxv-simonyi-zsigmond-karpat-medencei-helyesirasi-verseny-iskolai-fordulojanak-helyezettje","status":"publish","type":"post","link":"https:\/\/szentes-klauzalgabor.hu\/iskola\/archives\/25332","title":{"rendered":"A XXV. Simonyi Zsigmond K\u00e1rp\u00e1t-medencei helyes\u00edr\u00e1si verseny iskolai fordul\u00f3j\u00e1nak helyezettjei"},"content":{"rendered":"\n<p>5.\u00e9vf.: 1. Babovka Gr\u00e9ta 5.b<br>6.\u00e9vf.: 1. Dancs\u00f3 Levente 6.a2. Katonka Martin 6.a<br>7.\u00e9vf.: 1. Hajnal Fanni 7.a2. Pap Di\u00e1na Fl\u00f3ra 7.a<br>8.\u00e9vf.:1. Kuklis Gy\u00f6rgy 8.b2. Bar\u00e1th Kiara 8.b<\/p>\n\n\n\n<p>Felk\u00e9sz\u00edt\u0151k:- Nagy Zsuzsanna (6.a)- Keresztesn\u00e9 Farkas Erzs\u00e9bet (5.b, 7.a, 8.b)Eredm\u00e9nye alapj\u00e1n a megyei d\u00f6nt\u0151be jutott Babovka Gr\u00e9ta, Hajnal Fanni \u00e9s Pap Di\u00e1na Fl\u00f3ra. Szeretettel gratul\u00e1lunk valamennyi\u00fcknek! Sok sikert a megyei d\u00f6nt\u0151ben! <\/p>\n\n\n\n<figure class=\"wp-block-image\"><a href=\"https:\/\/szentes-klauzalgabor.hu\/iskola\/wp-content\/uploads\/2022\/04\/20220407_100825.jpg\" target=\"_blank\" rel=\"noreferrer noopener\"><img loading=\"lazy\" decoding=\"async\" width=\"300\" height=\"199\" src=\"https:\/\/szentes-klauzalgabor.hu\/iskola\/wp-content\/uploads\/2022\/04\/20220407_100825-300x199.jpg\" alt=\"\" class=\"wp-image-25333\" srcset=\"https:\/\/szentes-klauzalgabor.hu\/iskola\/wp-content\/uploads\/2022\/04\/20220407_100825-300x199.jpg 300w, https:\/\/szentes-klauzalgabor.hu\/iskola\/wp-content\/uploads\/2022\/04\/20220407_100825-768x510.jpg 768w, https:\/\/szentes-klauzalgabor.hu\/iskola\/wp-content\/uploads\/2022\/04\/20220407_100825-1024x680.jpg 1024w\" sizes=\"(max-width: 300px) 100vw, 300px\" \/><\/a><\/figure>\n","protected":false},"excerpt":{"rendered":"<p>5.\u00e9vf.: 1. Babovka Gr\u00e9ta 5.b6.\u00e9vf.: 1. Dancs\u00f3 Levente 6.a2. Katonka Martin 6.a7.\u00e9vf.: 1. Hajnal Fanni 7.a2. Pap Di\u00e1na Fl\u00f3ra 7.a8.\u00e9vf.:1. Kuklis Gy\u00f6rgy 8.b2. Bar\u00e1th Kiara 8.b Felk\u00e9sz\u00edt\u0151k:- Nagy Zsuzsanna (6.a)- Keresztesn\u00e9 Farkas Erzs\u00e9bet (5.b, 7.a, 8.b)Eredm\u00e9nye alapj\u00e1n a megyei d\u00f6nt\u0151be jutott Babovka Gr\u00e9ta, Hajnal Fanni \u00e9s Pap Di\u00e1na Fl\u00f3ra. Szeretettel gratul\u00e1lunk valamennyi\u00fcknek! Sok sikert a [&hellip;]<\/p>\n","protected":false},"author":1,"featured_media":0,"comment_status":"closed","ping_status":"open","sticky":false,"template":"","format":"standard","meta":{"_et_pb_use_builder":"","_et_pb_old_content":"","_et_gb_content_width":"","footnotes":""},"categories":[1],"tags":[],"class_list":["post-25332","post","type-post","status-publish","format-standard","hentry","category-nincs-kategorizalva"],"_links":{"self":[{"href":"https:\/\/szentes-klauzalgabor.hu\/iskola\/wp-json\/wp\/v2\/posts\/25332","targetHints":{"allow":["GET"]}}],"collection":[{"href":"https:\/\/szentes-klauzalgabor.hu\/iskola\/wp-json\/wp\/v2\/posts"}],"about":[{"href":"https:\/\/szentes-klauzalgabor.hu\/iskola\/wp-json\/wp\/v2\/types\/post"}],"author":[{"embeddable":true,"href":"https:\/\/szentes-klauzalgabor.hu\/iskola\/wp-json\/wp\/v2\/users\/1"}],"replies":[{"embeddable":true,"href":"https:\/\/szentes-klauzalgabor.hu\/iskola\/wp-json\/wp\/v2\/comments?post=25332"}],"version-history":[{"count":3,"href":"https:\/\/szentes-klauzalgabor.hu\/iskola\/wp-json\/wp\/v2\/posts\/25332\/revisions"}],"predecessor-version":[{"id":25336,"href":"https:\/\/szentes-klauzalgabor.hu\/iskola\/wp-json\/wp\/v2\/posts\/25332\/revisions\/25336"}],"wp:attachment":[{"href":"https:\/\/szentes-klauzalgabor.hu\/iskola\/wp-json\/wp\/v2\/media?parent=25332"}],"wp:term":[{"taxonomy":"category","embeddable":true,"href":"https:\/\/szentes-klauzalgabor.hu\/iskola\/wp-json\/wp\/v2\/categories?post=25332"},{"taxonomy":"post_tag","embeddable":true,"href":"https:\/\/szentes-klauzalgabor.hu\/iskola\/wp-json\/wp\/v2\/tags?post=25332"}],"curies":[{"name":"wp","href":"https:\/\/api.w.org\/{rel}","templated":true}]}}