{"id":26989,"date":"2025-10-08T09:35:37","date_gmt":"2025-10-08T08:35:37","guid":{"rendered":"https:\/\/szentes-klauzalgabor.hu\/iskola\/?p=26989"},"modified":"2025-10-08T09:35:37","modified_gmt":"2025-10-08T08:35:37","slug":"nemzeti-emlekezetpedagogiai-program","status":"publish","type":"post","link":"https:\/\/szentes-klauzalgabor.hu\/iskola\/archives\/26989","title":{"rendered":"Nemzeti Eml\u00e9kezetpedag\u00f3giai Program"},"content":{"rendered":"<div dir=\"auto\">Nemzeti Eml\u00e9kezetpedag\u00f3giai Program keret\u00e9ben 7\u20138. oszt\u00e1lyos di\u00e1kjainkkal ell\u00e1togattunk a szegedi D\u00f3m L\u00e1togat\u00f3k\u00f6zpontj\u00e1ba, ahol egy tartalmas \u00e9s \u00e9lm\u00e9nyd\u00fas m\u00fazeumpedag\u00f3giai foglalkoz\u00e1son vett\u00fcnk r\u00e9szt.<\/div>\n<div dir=\"auto\">A tanul\u00f3k interakt\u00edv m\u00f3don ismerkedhettek meg t\u00f6rt\u00e9nelm\u00fcnk fontos esem\u00e9nyeivel \u00e9s a D\u00f3m \u00e9p\u00fclet\u00e9nek titkaival. <span class=\"html-span xexx8yu xyri2b x18d9i69 x1c1uobl x1hl2dhg x16tdsg8 x1vvkbs x3nfvp2 x1j61x8r x1fcty0u xdj266r xat24cr xm2jcoa x1mpyi22 xxymvpz xlup9mm x1kky2od\"><img loading=\"lazy\" decoding=\"async\" class=\"xz74otr x15mokao x1ga7v0g x16uus16 xbiv7yw\" src=\"https:\/\/static.xx.fbcdn.net\/images\/emoji.php\/v9\/t9\/1\/16\/26ea.png\" alt=\"\u26ea\ufe0f\" width=\"16\" height=\"16\" \/><\/span><span class=\"html-span xexx8yu xyri2b x18d9i69 x1c1uobl x1hl2dhg x16tdsg8 x1vvkbs x3nfvp2 x1j61x8r x1fcty0u xdj266r xat24cr xm2jcoa x1mpyi22 xxymvpz xlup9mm x1kky2od\"><img loading=\"lazy\" decoding=\"async\" class=\"xz74otr x15mokao x1ga7v0g x16uus16 xbiv7yw\" src=\"https:\/\/static.xx.fbcdn.net\/images\/emoji.php\/v9\/tf4\/1\/16\/2728.png\" alt=\"\u2728\" width=\"16\" height=\"16\" \/><\/span><\/div>\n<div dir=\"auto\">K\u00f6sz\u00f6nj\u00fck a szervez\u0151knek a felejthetetlen \u00e9lm\u00e9nyt! <span class=\"html-span xexx8yu xyri2b x18d9i69 x1c1uobl x1hl2dhg x16tdsg8 x1vvkbs x3nfvp2 x1j61x8r x1fcty0u xdj266r xat24cr xm2jcoa x1mpyi22 xxymvpz xlup9mm x1kky2od\"><img loading=\"lazy\" decoding=\"async\" class=\"xz74otr x15mokao x1ga7v0g x16uus16 xbiv7yw\" src=\"https:\/\/static.xx.fbcdn.net\/images\/emoji.php\/v9\/t80\/1\/16\/1f64f.png\" alt=\"\" width=\"16\" height=\"16\" \/><\/span><\/div>\n<div dir=\"auto\"><\/div>\n<div dir=\"auto\"><a href=\"https:\/\/szentes-klauzalgabor.hu\/iskola\/wp-content\/uploads\/2025\/10\/556451293_122250986582019798_4220931203949717189_n.jpg\"><img loading=\"lazy\" decoding=\"async\" class=\"aligncenter size-large wp-image-26990\" src=\"https:\/\/szentes-klauzalgabor.hu\/iskola\/wp-content\/uploads\/2025\/10\/556451293_122250986582019798_4220931203949717189_n-683x1024.jpg\" alt=\"\" width=\"683\" height=\"1024\" \/><\/a><\/div>\n","protected":false},"excerpt":{"rendered":"<p>Nemzeti Eml\u00e9kezetpedag\u00f3giai Program keret\u00e9ben 7\u20138. oszt\u00e1lyos di\u00e1kjainkkal ell\u00e1togattunk a szegedi D\u00f3m L\u00e1togat\u00f3k\u00f6zpontj\u00e1ba, ahol egy tartalmas \u00e9s \u00e9lm\u00e9nyd\u00fas m\u00fazeumpedag\u00f3giai foglalkoz\u00e1son vett\u00fcnk r\u00e9szt. A tanul\u00f3k interakt\u00edv m\u00f3don ismerkedhettek meg t\u00f6rt\u00e9nelm\u00fcnk fontos esem\u00e9nyeivel \u00e9s a D\u00f3m \u00e9p\u00fclet\u00e9nek titkaival. K\u00f6sz\u00f6nj\u00fck a szervez\u0151knek a felejthetetlen \u00e9lm\u00e9nyt!<\/p>\n","protected":false},"author":1,"featured_media":0,"comment_status":"closed","ping_status":"open","sticky":false,"template":"","format":"standard","meta":{"_et_pb_use_builder":"","_et_pb_old_content":"","_et_gb_content_width":"","footnotes":""},"categories":[1],"tags":[],"class_list":["post-26989","post","type-post","status-publish","format-standard","hentry","category-nincs-kategorizalva"],"_links":{"self":[{"href":"https:\/\/szentes-klauzalgabor.hu\/iskola\/wp-json\/wp\/v2\/posts\/26989","targetHints":{"allow":["GET"]}}],"collection":[{"href":"https:\/\/szentes-klauzalgabor.hu\/iskola\/wp-json\/wp\/v2\/posts"}],"about":[{"href":"https:\/\/szentes-klauzalgabor.hu\/iskola\/wp-json\/wp\/v2\/types\/post"}],"author":[{"embeddable":true,"href":"https:\/\/szentes-klauzalgabor.hu\/iskola\/wp-json\/wp\/v2\/users\/1"}],"replies":[{"embeddable":true,"href":"https:\/\/szentes-klauzalgabor.hu\/iskola\/wp-json\/wp\/v2\/comments?post=26989"}],"version-history":[{"count":1,"href":"https:\/\/szentes-klauzalgabor.hu\/iskola\/wp-json\/wp\/v2\/posts\/26989\/revisions"}],"predecessor-version":[{"id":26991,"href":"https:\/\/szentes-klauzalgabor.hu\/iskola\/wp-json\/wp\/v2\/posts\/26989\/revisions\/26991"}],"wp:attachment":[{"href":"https:\/\/szentes-klauzalgabor.hu\/iskola\/wp-json\/wp\/v2\/media?parent=26989"}],"wp:term":[{"taxonomy":"category","embeddable":true,"href":"https:\/\/szentes-klauzalgabor.hu\/iskola\/wp-json\/wp\/v2\/categories?post=26989"},{"taxonomy":"post_tag","embeddable":true,"href":"https:\/\/szentes-klauzalgabor.hu\/iskola\/wp-json\/wp\/v2\/tags?post=26989"}],"curies":[{"name":"wp","href":"https:\/\/api.w.org\/{rel}","templated":true}]}}