{"id":27007,"date":"2026-01-26T11:26:00","date_gmt":"2026-01-26T10:26:00","guid":{"rendered":"https:\/\/szentes-klauzalgabor.hu\/iskola\/?p=27007"},"modified":"2026-01-26T11:26:00","modified_gmt":"2026-01-26T10:26:00","slug":"karacsonyi-vasar","status":"publish","type":"post","link":"https:\/\/szentes-klauzalgabor.hu\/iskola\/archives\/27007","title":{"rendered":"Kar\u00e1csonyi v\u00e1s\u00e1r"},"content":{"rendered":"<div class=\"xdj266r x14z9mp xat24cr x1lziwak x1vvkbs x126k92a\">\n<div dir=\"auto\">Kedves Sz\u00fcl\u0151k! Kedves Gyerekek!<\/div>\n<\/div>\n<div class=\"x14z9mp xat24cr x1lziwak x1vvkbs xtlvy1s x126k92a\">\n<div dir=\"auto\">Iskol\u00e1nkban december 15-17-ig Kar\u00e1csonyi v\u00e1s\u00e1rt tartunk.<\/div>\n<\/div>\n<div class=\"x14z9mp xat24cr x1lziwak x1vvkbs xtlvy1s x126k92a\">\n<div dir=\"auto\">Apr\u00f3, \u00fcnnepi aj\u00e1nd\u00e9kok megv\u00e1s\u00e1rl\u00e1s\u00e1val t\u00e1mogathatj\u00e1k iskol\u00e1nk alap\u00edtv\u00e1ny\u00e1t!<\/div>\n<\/div>\n<div class=\"x14z9mp xat24cr x1lziwak x1vvkbs xtlvy1s x126k92a\">\n<div dir=\"auto\">Boldog kar\u00e1csonyt k\u00edv\u00e1nunk minden csal\u00e1dnak! <span class=\"html-span xexx8yu xyri2b x18d9i69 x1c1uobl x1hl2dhg x16tdsg8 x1vvkbs x3nfvp2 x1j61x8r x1fcty0u xdj266r xat24cr xm2jcoa x1mpyi22 xxymvpz xlup9mm x1kky2od\"><img loading=\"lazy\" decoding=\"async\" class=\"xz74otr x15mokao x1ga7v0g x16uus16 xbiv7yw\" src=\"https:\/\/static.xx.fbcdn.net\/images\/emoji.php\/v9\/t7\/1\/16\/1f384.png\" alt=\"&#x1f384;\" width=\"16\" height=\"16\" \/><\/span><span class=\"html-span xexx8yu xyri2b x18d9i69 x1c1uobl x1hl2dhg x16tdsg8 x1vvkbs x3nfvp2 x1j61x8r x1fcty0u xdj266r xat24cr xm2jcoa x1mpyi22 xxymvpz xlup9mm x1kky2od\"><img loading=\"lazy\" decoding=\"async\" class=\"xz74otr x15mokao x1ga7v0g x16uus16 xbiv7yw\" src=\"https:\/\/static.xx.fbcdn.net\/images\/emoji.php\/v9\/t2e\/1\/16\/2744.png\" alt=\"&#x2744;&#xfe0f;\" width=\"16\" height=\"16\" \/><\/span><span class=\"html-span xexx8yu xyri2b x18d9i69 x1c1uobl x1hl2dhg x16tdsg8 x1vvkbs x3nfvp2 x1j61x8r x1fcty0u xdj266r xat24cr xm2jcoa x1mpyi22 xxymvpz xlup9mm x1kky2od\"><img loading=\"lazy\" decoding=\"async\" class=\"xz74otr x15mokao x1ga7v0g x16uus16 xbiv7yw\" src=\"https:\/\/static.xx.fbcdn.net\/images\/emoji.php\/v9\/t30\/1\/16\/1f514.png\" alt=\"&#x1f514;\" width=\"16\" height=\"16\" \/><\/span><\/div>\n<\/div>\n<div class=\"x14z9mp xat24cr x1lziwak x1vvkbs xtlvy1s x126k92a\">\n<div dir=\"auto\">Egy kis \u00edzel\u00edt\u0151 a k\u00edn\u00e1latb\u00f3l:<\/div>\n<div dir=\"auto\"><img decoding=\"async\" src=\"https:\/\/scontent-vie1-1.xx.fbcdn.net\/v\/t39.30808-6\/597328058_122259598934019798_4718592461296725652_n.jpg?_nc_cat=107&amp;ccb=1-7&amp;_nc_sid=833d8c&amp;_nc_ohc=TAAdJ9_fhekQ7kNvwGZhNQ7&amp;_nc_oc=Adk7wzycp0Aa_oU4OkOoYd1CZSvt87N6rm0QL6-OiCMkPpyMoWuZSENQLMYj8SwcuRs&amp;_nc_zt=23&amp;_nc_ht=scontent-vie1-1.xx&amp;_nc_gid=4AAGmJZFbQkS_OYSocoE_g&amp;oh=00_AfrAeEDmVuirE5KJgLQeyICy3DCt1NGErZhPo2ORwPnEyQ&amp;oe=697D193B\" alt=\"Lehet, hogy egy k\u00e9p err\u0151l: szalv\u00e9tagy\u0171r\u0171, \u00e9kszer \u00e9s csipke\" \/><\/div>\n<\/div>\n","protected":false},"excerpt":{"rendered":"<p>Kedves Sz\u00fcl\u0151k! Kedves Gyerekek! Iskol\u00e1nkban december 15-17-ig Kar\u00e1csonyi v\u00e1s\u00e1rt tartunk. Apr\u00f3, \u00fcnnepi aj\u00e1nd\u00e9kok megv\u00e1s\u00e1rl\u00e1s\u00e1val t\u00e1mogathatj\u00e1k iskol\u00e1nk alap\u00edtv\u00e1ny\u00e1t! Boldog kar\u00e1csonyt k\u00edv\u00e1nunk minden csal\u00e1dnak! Egy kis \u00edzel\u00edt\u0151 a k\u00edn\u00e1latb\u00f3l:<\/p>\n","protected":false},"author":1,"featured_media":0,"comment_status":"closed","ping_status":"open","sticky":false,"template":"","format":"standard","meta":{"_et_pb_use_builder":"","_et_pb_old_content":"","_et_gb_content_width":"","footnotes":""},"categories":[1],"tags":[],"class_list":["post-27007","post","type-post","status-publish","format-standard","hentry","category-nincs-kategorizalva"],"_links":{"self":[{"href":"https:\/\/szentes-klauzalgabor.hu\/iskola\/wp-json\/wp\/v2\/posts\/27007","targetHints":{"allow":["GET"]}}],"collection":[{"href":"https:\/\/szentes-klauzalgabor.hu\/iskola\/wp-json\/wp\/v2\/posts"}],"about":[{"href":"https:\/\/szentes-klauzalgabor.hu\/iskola\/wp-json\/wp\/v2\/types\/post"}],"author":[{"embeddable":true,"href":"https:\/\/szentes-klauzalgabor.hu\/iskola\/wp-json\/wp\/v2\/users\/1"}],"replies":[{"embeddable":true,"href":"https:\/\/szentes-klauzalgabor.hu\/iskola\/wp-json\/wp\/v2\/comments?post=27007"}],"version-history":[{"count":1,"href":"https:\/\/szentes-klauzalgabor.hu\/iskola\/wp-json\/wp\/v2\/posts\/27007\/revisions"}],"predecessor-version":[{"id":27008,"href":"https:\/\/szentes-klauzalgabor.hu\/iskola\/wp-json\/wp\/v2\/posts\/27007\/revisions\/27008"}],"wp:attachment":[{"href":"https:\/\/szentes-klauzalgabor.hu\/iskola\/wp-json\/wp\/v2\/media?parent=27007"}],"wp:term":[{"taxonomy":"category","embeddable":true,"href":"https:\/\/szentes-klauzalgabor.hu\/iskola\/wp-json\/wp\/v2\/categories?post=27007"},{"taxonomy":"post_tag","embeddable":true,"href":"https:\/\/szentes-klauzalgabor.hu\/iskola\/wp-json\/wp\/v2\/tags?post=27007"}],"curies":[{"name":"wp","href":"https:\/\/api.w.org\/{rel}","templated":true}]}}