{"id":37,"date":"2011-03-12T19:00:10","date_gmt":"2011-03-12T18:00:10","guid":{"rendered":"https:\/\/szentes-klauzalgabor.hu\/iskola\/?p=37"},"modified":"2011-03-28T14:14:32","modified_gmt":"2011-03-28T13:14:32","slug":"37","status":"publish","type":"post","link":"https:\/\/szentes-klauzalgabor.hu\/iskola\/archives\/37","title":{"rendered":"Sz\u00fcl\u0151k vacsor\u00e1ja"},"content":{"rendered":"<p style=\"text-align: center;\"><a href=\"https:\/\/szentes-klauzalgabor.hu\/iskola\/fotoalbum\/2010-2011\/szulok-vacsoraja\"><img loading=\"lazy\" decoding=\"async\" class=\"size-medium wp-image-609  aligncenter\" title=\"kep010\" src=\"https:\/\/szentes-klauzalgabor.hu\/iskola\/wp-content\/uploads\/2011\/03\/kep0103-300x225.jpg\" alt=\"\" width=\"210\" height=\"158\" srcset=\"https:\/\/szentes-klauzalgabor.hu\/iskola\/wp-content\/uploads\/2011\/03\/kep0103-300x225.jpg 300w, https:\/\/szentes-klauzalgabor.hu\/iskola\/wp-content\/uploads\/2011\/03\/kep0103.jpg 640w\" sizes=\"(max-width: 210px) 100vw, 210px\" \/><\/a><\/p>\n<p>M\u00e1rcius 12-\u00e9n <strong>Sz\u00fcl\u0151k vacsor\u00e1ja<\/strong> n\u00e9ven vacsor\u00e1val egybek\u00f6t\u00f6tt  zen\u00e9s est\u00e9t tartottunk. \u00daj                   hagyom\u00e1nyt k\u00edv\u00e1nunk teremteni ezzel a rendezv\u00e9nnyel.  \u00d6nk\u00f6lts\u00e9gesen szervezt\u00fck meg az esem\u00e9nyt, a p\u00f6rk\u00f6lt finom volt, a zene                   kit\u0171n\u0151, enn\u00e9l t\u00f6bb nem is kell!<\/p>\n<address style=\"text-align: right;\"> <\/address>\n<address style=\"text-align: right;\"> <\/address>\n<address style=\"text-align: right;\"> <\/address>\n<address style=\"text-align: right;\"> <\/address>\n<address style=\"text-align: right;\"> <\/address>\n<address style=\"text-align: right;\">2011. m\u00e1rcius 12.<br \/>\n<\/address>\n","protected":false},"excerpt":{"rendered":"<p>M\u00e1rcius 12-\u00e9n Sz\u00fcl\u0151k vacsor\u00e1ja n\u00e9ven vacsor\u00e1val egybek\u00f6t\u00f6tt zen\u00e9s est\u00e9t tartottunk. \u00daj hagyom\u00e1nyt k\u00edv\u00e1nunk teremteni ezzel a rendezv\u00e9nnyel. \u00d6nk\u00f6lts\u00e9gesen szervezt\u00fck meg az esem\u00e9nyt, a p\u00f6rk\u00f6lt finom volt, a zene kit\u0171n\u0151, enn\u00e9l t\u00f6bb nem is kell! 2011. m\u00e1rcius 12.<\/p>\n","protected":false},"author":1,"featured_media":0,"comment_status":"closed","ping_status":"closed","sticky":false,"template":"","format":"standard","meta":{"_et_pb_use_builder":"","_et_pb_old_content":"","_et_gb_content_width":"","footnotes":""},"categories":[3],"tags":[],"class_list":["post-37","post","type-post","status-publish","format-standard","hentry","category-hirek"],"_links":{"self":[{"href":"https:\/\/szentes-klauzalgabor.hu\/iskola\/wp-json\/wp\/v2\/posts\/37","targetHints":{"allow":["GET"]}}],"collection":[{"href":"https:\/\/szentes-klauzalgabor.hu\/iskola\/wp-json\/wp\/v2\/posts"}],"about":[{"href":"https:\/\/szentes-klauzalgabor.hu\/iskola\/wp-json\/wp\/v2\/types\/post"}],"author":[{"embeddable":true,"href":"https:\/\/szentes-klauzalgabor.hu\/iskola\/wp-json\/wp\/v2\/users\/1"}],"replies":[{"embeddable":true,"href":"https:\/\/szentes-klauzalgabor.hu\/iskola\/wp-json\/wp\/v2\/comments?post=37"}],"version-history":[{"count":12,"href":"https:\/\/szentes-klauzalgabor.hu\/iskola\/wp-json\/wp\/v2\/posts\/37\/revisions"}],"predecessor-version":[{"id":1534,"href":"https:\/\/szentes-klauzalgabor.hu\/iskola\/wp-json\/wp\/v2\/posts\/37\/revisions\/1534"}],"wp:attachment":[{"href":"https:\/\/szentes-klauzalgabor.hu\/iskola\/wp-json\/wp\/v2\/media?parent=37"}],"wp:term":[{"taxonomy":"category","embeddable":true,"href":"https:\/\/szentes-klauzalgabor.hu\/iskola\/wp-json\/wp\/v2\/categories?post=37"},{"taxonomy":"post_tag","embeddable":true,"href":"https:\/\/szentes-klauzalgabor.hu\/iskola\/wp-json\/wp\/v2\/tags?post=37"}],"curies":[{"name":"wp","href":"https:\/\/api.w.org\/{rel}","templated":true}]}}