{"id":40,"date":"2011-03-12T09:00:48","date_gmt":"2011-03-12T08:00:48","guid":{"rendered":"https:\/\/szentes-klauzalgabor.hu\/iskola\/?p=40"},"modified":"2011-03-28T14:15:14","modified_gmt":"2011-03-28T13:15:14","slug":"40","status":"publish","type":"post","link":"https:\/\/szentes-klauzalgabor.hu\/iskola\/archives\/40","title":{"rendered":"Fecskeh\u00edvogat\u00f3"},"content":{"rendered":"<p><a href=\"https:\/\/szentes-klauzalgabor.hu\/iskola\/fotoalbum\/2010-2011\/fecskehivogato\"><img loading=\"lazy\" decoding=\"async\" class=\"size-medium wp-image-504 alignleft\" title=\"kep062\" src=\"https:\/\/szentes-klauzalgabor.hu\/iskola\/wp-content\/uploads\/2011\/03\/kep0621-300x225.jpg\" alt=\"\" width=\"210\" height=\"158\" srcset=\"https:\/\/szentes-klauzalgabor.hu\/iskola\/wp-content\/uploads\/2011\/03\/kep0621-300x225.jpg 300w, https:\/\/szentes-klauzalgabor.hu\/iskola\/wp-content\/uploads\/2011\/03\/kep0621.jpg 640w\" sizes=\"(max-width: 210px) 100vw, 210px\" \/><\/a>Iskol\u00e1nk bemutat\u00e1s\u00e1nak imm\u00e1r hagyom\u00e1nyos m\u00f3dja, hogy egy szombati napon igazi sz\u00ednes kavalk\u00e1ddal v\u00e1rjuk az \u00f3vod\u00e1sokat \u00e9s sz\u00fcleiket. Erre id\u00e9n m\u00e1rcius 12-\u00e9n ker\u00fclt sor. A rendezv\u00e9nyr\u0151l k\u00e9sz\u00fclt k\u00e9pek \u00f6nmaguk\u00e9rt besz\u00e9lnek.<\/p>\n<address style=\"text-align: right;\">2011. m\u00e1rcius 12.<br \/>\n<\/address>\n","protected":false},"excerpt":{"rendered":"<p>Iskol\u00e1nk bemutat\u00e1s\u00e1nak imm\u00e1r hagyom\u00e1nyos m\u00f3dja, hogy egy szombati napon igazi sz\u00ednes kavalk\u00e1ddal v\u00e1rjuk az \u00f3vod\u00e1sokat \u00e9s sz\u00fcleiket. Erre id\u00e9n m\u00e1rcius 12-\u00e9n ker\u00fclt sor. A rendezv\u00e9nyr\u0151l k\u00e9sz\u00fclt k\u00e9pek \u00f6nmaguk\u00e9rt besz\u00e9lnek. 2011. m\u00e1rcius 12.<\/p>\n","protected":false},"author":1,"featured_media":0,"comment_status":"closed","ping_status":"closed","sticky":false,"template":"","format":"standard","meta":{"_et_pb_use_builder":"","_et_pb_old_content":"","_et_gb_content_width":"","footnotes":""},"categories":[3],"tags":[],"class_list":["post-40","post","type-post","status-publish","format-standard","hentry","category-hirek"],"_links":{"self":[{"href":"https:\/\/szentes-klauzalgabor.hu\/iskola\/wp-json\/wp\/v2\/posts\/40","targetHints":{"allow":["GET"]}}],"collection":[{"href":"https:\/\/szentes-klauzalgabor.hu\/iskola\/wp-json\/wp\/v2\/posts"}],"about":[{"href":"https:\/\/szentes-klauzalgabor.hu\/iskola\/wp-json\/wp\/v2\/types\/post"}],"author":[{"embeddable":true,"href":"https:\/\/szentes-klauzalgabor.hu\/iskola\/wp-json\/wp\/v2\/users\/1"}],"replies":[{"embeddable":true,"href":"https:\/\/szentes-klauzalgabor.hu\/iskola\/wp-json\/wp\/v2\/comments?post=40"}],"version-history":[{"count":7,"href":"https:\/\/szentes-klauzalgabor.hu\/iskola\/wp-json\/wp\/v2\/posts\/40\/revisions"}],"predecessor-version":[{"id":1535,"href":"https:\/\/szentes-klauzalgabor.hu\/iskola\/wp-json\/wp\/v2\/posts\/40\/revisions\/1535"}],"wp:attachment":[{"href":"https:\/\/szentes-klauzalgabor.hu\/iskola\/wp-json\/wp\/v2\/media?parent=40"}],"wp:term":[{"taxonomy":"category","embeddable":true,"href":"https:\/\/szentes-klauzalgabor.hu\/iskola\/wp-json\/wp\/v2\/categories?post=40"},{"taxonomy":"post_tag","embeddable":true,"href":"https:\/\/szentes-klauzalgabor.hu\/iskola\/wp-json\/wp\/v2\/tags?post=40"}],"curies":[{"name":"wp","href":"https:\/\/api.w.org\/{rel}","templated":true}]}}