{"id":111,"date":"2011-04-06T11:42:14","date_gmt":"2011-04-06T10:42:14","guid":{"rendered":"https:\/\/szentes-klauzalgabor.hu\/konyvtar\/?p=111"},"modified":"2011-04-06T11:54:17","modified_gmt":"2011-04-06T10:54:17","slug":"aprilisi-rejtveny","status":"publish","type":"post","link":"https:\/\/szentes-klauzalgabor.hu\/konyvtar\/archives\/111","title":{"rendered":"\u00c1prilisi rejtv\u00e9ny!"},"content":{"rendered":"<h2>Itt az <span style=\"color: #ff0000;\">\u00c1<span style=\"color: #008000;\">P<\/span><span style=\"color: #0000ff;\">R<\/span><\/span><span style=\"color: #ffcc00;\">I<\/span><span style=\"color: #00ffff;\">L<\/span><span style=\"color: #ff00ff;\">I<\/span><span style=\"color: #ff0000;\">S<\/span><span style=\"color: #3366ff;\">I<\/span> REJTV\u00c9NY! Keresd a k\u00f6nyvt\u00e1rban a feladatlapot!<\/h2>\n<p>\u00c1prilis-Szent Gy\u00f6rgy hava. Ha tudni szeretn\u00e9d ki volt Szent Gy\u00f6rgy, \u00e9s mikor \u00fcnnepelj\u00fck a napj\u00e1t, akkor keresd meg a v\u00e1laszokat a havi rejtv\u00e9ny k\u00e9rd\u00e9seire!<\/p>\n<p>1.\tKi volt Szent Gy\u00f6rgy?<\/p>\n<p>2.\t Melyik napon van Szent Gy\u00f6rgy napja?<\/p>\n<p>3.\tMelyik \u00fcnnephez kapcsol\u00f3dik a kiszehajt\u00e1s? Mi az a kisze? Hogyan zajlik a kiszehajt\u00e1s?<\/p>\n<p>Seg\u00edts\u00e9g:<br \/>\n-T\u00e1trai Zs.-Kar\u00e1csony Moln\u00e1r E.:Jeles napok, \u00fcnnepi szok\u00e1sok<br \/>\n&#8211; N\u00e9prajzi lexikon<\/p>\n<p>J\u00f3 munk\u00e1t!<\/p>\n<p style=\"text-align: right;\"><span style=\"color: #800000;\">2011.04.06.<\/span><\/p>\n","protected":false},"excerpt":{"rendered":"<p>Itt az \u00c1PRILISI REJTV\u00c9NY! Keresd a k\u00f6nyvt\u00e1rban a feladatlapot! \u00c1prilis-Szent Gy\u00f6rgy hava. Ha tudni szeretn\u00e9d ki volt Szent Gy\u00f6rgy, \u00e9s mikor \u00fcnnepelj\u00fck a napj\u00e1t, akkor keresd meg a v\u00e1laszokat a havi rejtv\u00e9ny k\u00e9rd\u00e9seire! 1. Ki volt Szent Gy\u00f6rgy? 2. Melyik napon van Szent Gy\u00f6rgy napja? 3. Melyik \u00fcnnephez kapcsol\u00f3dik a kiszehajt\u00e1s? Mi az a kisze? [&hellip;]<\/p>\n","protected":false},"author":1,"featured_media":0,"comment_status":"closed","ping_status":"closed","sticky":false,"template":"","format":"standard","meta":{"_mi_skip_tracking":false,"footnotes":""},"categories":[1],"tags":[],"class_list":["post-111","post","type-post","status-publish","format-standard","hentry","category-nincs-kategorizalva"],"_links":{"self":[{"href":"https:\/\/szentes-klauzalgabor.hu\/konyvtar\/wp-json\/wp\/v2\/posts\/111","targetHints":{"allow":["GET"]}}],"collection":[{"href":"https:\/\/szentes-klauzalgabor.hu\/konyvtar\/wp-json\/wp\/v2\/posts"}],"about":[{"href":"https:\/\/szentes-klauzalgabor.hu\/konyvtar\/wp-json\/wp\/v2\/types\/post"}],"author":[{"embeddable":true,"href":"https:\/\/szentes-klauzalgabor.hu\/konyvtar\/wp-json\/wp\/v2\/users\/1"}],"replies":[{"embeddable":true,"href":"https:\/\/szentes-klauzalgabor.hu\/konyvtar\/wp-json\/wp\/v2\/comments?post=111"}],"version-history":[{"count":5,"href":"https:\/\/szentes-klauzalgabor.hu\/konyvtar\/wp-json\/wp\/v2\/posts\/111\/revisions"}],"predecessor-version":[{"id":113,"href":"https:\/\/szentes-klauzalgabor.hu\/konyvtar\/wp-json\/wp\/v2\/posts\/111\/revisions\/113"}],"wp:attachment":[{"href":"https:\/\/szentes-klauzalgabor.hu\/konyvtar\/wp-json\/wp\/v2\/media?parent=111"}],"wp:term":[{"taxonomy":"category","embeddable":true,"href":"https:\/\/szentes-klauzalgabor.hu\/konyvtar\/wp-json\/wp\/v2\/categories?post=111"},{"taxonomy":"post_tag","embeddable":true,"href":"https:\/\/szentes-klauzalgabor.hu\/konyvtar\/wp-json\/wp\/v2\/tags?post=111"}],"curies":[{"name":"wp","href":"https:\/\/api.w.org\/{rel}","templated":true}]}}