{"id":117,"date":"2011-04-14T11:16:29","date_gmt":"2011-04-14T10:16:29","guid":{"rendered":"https:\/\/szentes-klauzalgabor.hu\/konyvtar\/?p=117"},"modified":"2011-04-14T11:56:25","modified_gmt":"2011-04-14T10:56:25","slug":"uj-konyvek-aprilis","status":"publish","type":"post","link":"https:\/\/szentes-klauzalgabor.hu\/konyvtar\/archives\/117","title":{"rendered":"\u00daj k\u00f6nyvek &#8211; \u00c1prilis"},"content":{"rendered":"<p><a href=\"https:\/\/szentes-klauzalgabor.hu\/konyvtar\/wp-content\/uploads\/2011\/04\/t\u00fcnd\u00e9rnapt\u00e1r.jpg\" rel=\"lightbox[117]\"><img loading=\"lazy\" decoding=\"async\" class=\"alignnone size-full wp-image-118\" title=\"t\u00fcnd\u00e9rnapt\u00e1r\" src=\"https:\/\/szentes-klauzalgabor.hu\/konyvtar\/wp-content\/uploads\/2011\/04\/t\u00fcnd\u00e9rnapt\u00e1r.jpg\" alt=\"\" width=\"120\" height=\"132\" \/><\/a>A sorozat negyedik r\u00e9sze az \u00fcnnepek k\u00f6r\u00e9 szervez\u0151dik. Pank\u00e1nak \u00e9s Csirib\u00ednek, a k\u00e9t kis t\u00fcnd\u00e9rnek most farsangi, sz\u00fclinapos, h\u00fasv\u00e9ti, sz\u00fcreti \u00e9s kar\u00e1csonyi kalandjait olvashatj\u00e1tok. S\u0151t, Nelly, a gy\u00f6ny\u00f6r\u0171 angol t\u00fcnd\u00e9rl\u00e1ny \u00e9s h\u0171 s\u00e1rk\u00e1nya, Rolf j\u00f3volt\u00e1b\u00f3l m\u00e9g az is kider\u00fcl, mi mindent csin\u00e1lnak a t\u00fcnd\u00e9rek Szent Iv\u00e1n- \u00e9jjel\u00e9n.<\/p>\n<p><a href=\"https:\/\/szentes-klauzalgabor.hu\/konyvtar\/wp-content\/uploads\/2011\/04\/lufi.jpg\" rel=\"lightbox[117]\"><img loading=\"lazy\" decoding=\"async\" class=\"alignnone size-thumbnail wp-image-119\" title=\"lufi\" src=\"https:\/\/szentes-klauzalgabor.hu\/konyvtar\/wp-content\/uploads\/2011\/04\/lufi-115x150.jpg\" alt=\"\" width=\"115\" height=\"150\" \/><\/a>Hogy milyen egy boszork\u00e1ny? H\u00e1t bibircs\u00f3kos az orra, \u00e9s fekete ruh\u00e1ban j\u00e1r. Ja, \u00e9s fejkend\u0151je is van. \u00c9ppen \u00fagy n\u00e9z ki, mint Vali n\u00e9ni. Lufi a legels\u0151 alkalommal haragra gerjeszti a bar\u00e1zd\u00e1lt arc\u00fa \u00f6regasszonyt. A bajt tov\u00e1bbi esem\u00e9nyek boszork\u00e1nyos \u00f6sszefon\u00f3d\u00e1sa tet\u00e9zi, amelyekben k\u00fcl\u00f6n\u00f6s szerepet j\u00e1tszik egy elhagyatott telken \u00e1ll\u00f3 cirkuszi s\u00e1tor, k\u00e9t \u00f6rd\u00f6gjelmez \u00e9s h\u00e1rom hamis\u00edtott lev\u00e9l. A h\u00e1tt\u00e9rben persze Lufi agyaf\u00fart akci\u00f3i \u00e1llnak, amelyek nem mindig a terv szerint alakulnak, de v\u00e9g\u00fcl m\u00e9gis egybeforrasztj\u00e1k az egym\u00e1st\u00f3l elszakadt sz\u00edveket. Mi ez, ha nem boszork\u00e1nys\u00e1g? A var\u00e1zslat \u00e1ldozata k\u00e9t fekete f\u00e9rfinadr\u00e1g \u00e9s t\u00edz doboz cser\u00e9pangyalka.<\/p>\n<p><a href=\"https:\/\/szentes-klauzalgabor.hu\/konyvtar\/wp-content\/uploads\/2011\/04\/nini-egy-b\u00e9biboszi.jpg\" rel=\"lightbox[117]\"><img loading=\"lazy\" decoding=\"async\" class=\"alignnone size-thumbnail wp-image-120\" title=\"nini, egy b\u00e9biboszi\" src=\"https:\/\/szentes-klauzalgabor.hu\/konyvtar\/wp-content\/uploads\/2011\/04\/nini-egy-b\u00e9biboszi-150x150.jpg\" alt=\"\" width=\"150\" height=\"150\" \/><\/a>SOS &#8211; munka kerestetik! Lizi kis\u00f6ccse, D\u00e1vid beleejtette anyuci kabalafigur\u00e1j\u00e1t a v\u00edzt\u00e1rol\u00f3ba. Tinka seg\u00edt testv\u00e9r\u00e9nek, Lizinek \u00f6sszegy\u0171jteni egy kis p\u00e9nzt, hogy p\u00f3tolhass\u00e1k az ez\u00fcstelef\u00e1ntot. M\u00edg Tinka s\u00e9t\u00e1ltatni visz egy eszement \u00f3ri\u00e1sbl\u00f6kit, addig Lizi a b\u00e9biszitterked\u00e9ssel k\u00eds\u00e9rletezik. Csakhogy a kis Annabell nem is olyan kis \u00e1rtatlan, mint amilyennek l\u00e1tszik. \u0150 ugyanis nem m\u00e1s, mint egy b\u00e9biboszi. Egy \u0151r\u00fcletes \u00e9s elk\u00e9peszt\u0151 boszit\u00f6rt\u00e9net &#8211; csakis a legjobb bar\u00e1tn\u0151k sz\u00e1m\u00e1ra!<\/p>\n<p><a href=\"https:\/\/szentes-klauzalgabor.hu\/konyvtar\/wp-content\/uploads\/2011\/04\/vigyorboszi.jpg\" rel=\"lightbox[117]\"><img loading=\"lazy\" decoding=\"async\" class=\"alignnone size-thumbnail wp-image-121\" title=\"vigyorboszi\" src=\"https:\/\/szentes-klauzalgabor.hu\/konyvtar\/wp-content\/uploads\/2011\/04\/vigyorboszi-150x150.jpg\" alt=\"\" width=\"150\" height=\"150\" \/><\/a>Szerelmes boszisepr\u0171k! Most is a Vigyorboszik vigy\u00e1znak az id\u0151s Leander b\u00e1csi \u00e1llataira. Nincs mese, minden reggel meg kell etetni \u0151ket! Amikor Petra majdnem elk\u00e9sik miattuk az iskol\u00e1b\u00f3l, var\u00e1zsol mag\u00e1nak egy rep\u00fcl\u0151 boszisepr\u0171t. A var\u00e1zslat olyan j\u00f3l siker\u00fcl, hogy a huncut sepr\u0171 m\u00e1r nem is akar t\u00f6bb\u00e9 t\u00e1vozni a kis boszi oldal\u00e1r\u00f3l. \u00cdgy h\u00e1t, az \u00f3ra kell\u0151s k\u00f6zep\u00e9n bekopogtat a tanterem ablak\u00e1n. 1, 2, 3, kezd\u0151dj\u00e9k a var\u00e1zslat! Te is benne vagy! Vigyorboszi klubszab\u00e1lyok: Mulatni! &#8211; Vihogni! &#8211; A fi\u00faknak meg j\u00f3l ODAS\u00d3ZNI!<\/p>\n<p><a href=\"https:\/\/szentes-klauzalgabor.hu\/konyvtar\/wp-content\/uploads\/2011\/04\/hold-kertje.jpg\" rel=\"lightbox[117]\"><img loading=\"lazy\" decoding=\"async\" class=\"alignnone size-full wp-image-122\" title=\"hold kertje\" src=\"https:\/\/szentes-klauzalgabor.hu\/konyvtar\/wp-content\/uploads\/2011\/04\/hold-kertje.jpg\" alt=\"\" width=\"108\" height=\"150\" \/><\/a>A Hold kertj\u00e9ben j\u00f3l megf\u00e9rnek egym\u00e1s mellett a klasszikus versek, mes\u00e9k \u00e9s a kort\u00e1rs gyermekirodalom alkot\u00e1sai. A kertben s\u00e9t\u00e1lgatva, minden \u00e9vszakban m\u00e1s \u00e9s m\u00e1s \u00e9rdekess\u00e9gre \u00e9s igazi meglepet\u00e9sre tal\u00e1lhat a gyermekolvas\u00f3. Rem\u00e9lj\u00fck, k\u00f6zben a felbukkan\u00f3 figur\u00e1k \u2013 nyuszi, cica, maci \u2013 t\u00f6rt\u00e9net\u00e9re is k\u00edv\u00e1ncsiak lesznek. Szeretn\u00e9nk, ha a kertben val\u00f3 k\u00f6z\u00f6s barangol\u00e1shoz a feln\u0151ttek is kedvet kapn\u00e1nak, \u00e9s ezzel visszat\u00e9rne a csal\u00e1dokba a r\u00e9gi j\u00f3 szok\u00e1s: az esti mes\u00e9l\u00e9s, a felolvas\u00e1s\u2026<\/p>\n<p style=\"text-align: right;\"><span style=\"color: #800000;\">2011.04.14.<\/span><\/p>\n","protected":false},"excerpt":{"rendered":"<p>A sorozat negyedik r\u00e9sze az \u00fcnnepek k\u00f6r\u00e9 szervez\u0151dik. Pank\u00e1nak \u00e9s Csirib\u00ednek, a k\u00e9t kis t\u00fcnd\u00e9rnek most farsangi, sz\u00fclinapos, h\u00fasv\u00e9ti, sz\u00fcreti \u00e9s kar\u00e1csonyi kalandjait olvashatj\u00e1tok. S\u0151t, Nelly, a gy\u00f6ny\u00f6r\u0171 angol t\u00fcnd\u00e9rl\u00e1ny \u00e9s h\u0171 s\u00e1rk\u00e1nya, Rolf j\u00f3volt\u00e1b\u00f3l m\u00e9g az is kider\u00fcl, mi mindent csin\u00e1lnak a t\u00fcnd\u00e9rek Szent Iv\u00e1n- \u00e9jjel\u00e9n. Hogy milyen egy boszork\u00e1ny? H\u00e1t bibircs\u00f3kos az orra, [&hellip;]<\/p>\n","protected":false},"author":1,"featured_media":0,"comment_status":"closed","ping_status":"closed","sticky":false,"template":"","format":"standard","meta":{"_mi_skip_tracking":false,"footnotes":""},"categories":[1],"tags":[],"class_list":["post-117","post","type-post","status-publish","format-standard","hentry","category-nincs-kategorizalva"],"_links":{"self":[{"href":"https:\/\/szentes-klauzalgabor.hu\/konyvtar\/wp-json\/wp\/v2\/posts\/117","targetHints":{"allow":["GET"]}}],"collection":[{"href":"https:\/\/szentes-klauzalgabor.hu\/konyvtar\/wp-json\/wp\/v2\/posts"}],"about":[{"href":"https:\/\/szentes-klauzalgabor.hu\/konyvtar\/wp-json\/wp\/v2\/types\/post"}],"author":[{"embeddable":true,"href":"https:\/\/szentes-klauzalgabor.hu\/konyvtar\/wp-json\/wp\/v2\/users\/1"}],"replies":[{"embeddable":true,"href":"https:\/\/szentes-klauzalgabor.hu\/konyvtar\/wp-json\/wp\/v2\/comments?post=117"}],"version-history":[{"count":2,"href":"https:\/\/szentes-klauzalgabor.hu\/konyvtar\/wp-json\/wp\/v2\/posts\/117\/revisions"}],"predecessor-version":[{"id":124,"href":"https:\/\/szentes-klauzalgabor.hu\/konyvtar\/wp-json\/wp\/v2\/posts\/117\/revisions\/124"}],"wp:attachment":[{"href":"https:\/\/szentes-klauzalgabor.hu\/konyvtar\/wp-json\/wp\/v2\/media?parent=117"}],"wp:term":[{"taxonomy":"category","embeddable":true,"href":"https:\/\/szentes-klauzalgabor.hu\/konyvtar\/wp-json\/wp\/v2\/categories?post=117"},{"taxonomy":"post_tag","embeddable":true,"href":"https:\/\/szentes-klauzalgabor.hu\/konyvtar\/wp-json\/wp\/v2\/tags?post=117"}],"curies":[{"name":"wp","href":"https:\/\/api.w.org\/{rel}","templated":true}]}}