{"id":127,"date":"2011-05-11T12:51:08","date_gmt":"2011-05-11T11:51:08","guid":{"rendered":"https:\/\/szentes-klauzalgabor.hu\/konyvtar\/?p=127"},"modified":"2011-05-11T12:52:11","modified_gmt":"2011-05-11T11:52:11","slug":"xii-helytorteneti-vetelkedo","status":"publish","type":"post","link":"https:\/\/szentes-klauzalgabor.hu\/konyvtar\/archives\/127","title":{"rendered":"XII. Helyt\u00f6rt\u00e9neti vet\u00e9lked\u0151"},"content":{"rendered":"<p>Az idei \u00e9vben is megrendez\u00e9sre ker\u00fclt a v\u00e1rosi helyt\u00f6rt\u00e9neti vet\u00e9lked\u0151, melyen Szentes d\u00edszpolg\u00e1raival ismerkedhettek meg a versenyz\u0151k.<\/p>\n<p>Iskol\u00e1nkat egy csapat k\u00e9pviselte, akik a VI. helyez\u00e9st \u00e9rt\u00e9k el. K\u00f6sz\u00f6nj\u00fck a munk\u00e1jukat \u00e9s gratul\u00e1lunk az eredm\u00e9nyhez!<\/p>\n<p>A csapat tagjai: Buv\u00e1r Kata, Bartyik Adrienn, Koz\u00e1k D\u00f3ra, Grund \u00c1d\u00e1m, Haviarik J\u00f3zsef<\/p>\n<p style=\"text-align: right;\"><span style=\"color: #800000;\">2011.05.11.<\/span><\/p>\n","protected":false},"excerpt":{"rendered":"<p>Az idei \u00e9vben is megrendez\u00e9sre ker\u00fclt a v\u00e1rosi helyt\u00f6rt\u00e9neti vet\u00e9lked\u0151, melyen Szentes d\u00edszpolg\u00e1raival ismerkedhettek meg a versenyz\u0151k. Iskol\u00e1nkat egy csapat k\u00e9pviselte, akik a VI. helyez\u00e9st \u00e9rt\u00e9k el. K\u00f6sz\u00f6nj\u00fck a munk\u00e1jukat \u00e9s gratul\u00e1lunk az eredm\u00e9nyhez! A csapat tagjai: Buv\u00e1r Kata, Bartyik Adrienn, Koz\u00e1k D\u00f3ra, Grund \u00c1d\u00e1m, Haviarik J\u00f3zsef 2011.05.11.<\/p>\n","protected":false},"author":1,"featured_media":0,"comment_status":"closed","ping_status":"closed","sticky":false,"template":"","format":"standard","meta":{"_mi_skip_tracking":false,"footnotes":""},"categories":[1],"tags":[],"class_list":["post-127","post","type-post","status-publish","format-standard","hentry","category-nincs-kategorizalva"],"_links":{"self":[{"href":"https:\/\/szentes-klauzalgabor.hu\/konyvtar\/wp-json\/wp\/v2\/posts\/127","targetHints":{"allow":["GET"]}}],"collection":[{"href":"https:\/\/szentes-klauzalgabor.hu\/konyvtar\/wp-json\/wp\/v2\/posts"}],"about":[{"href":"https:\/\/szentes-klauzalgabor.hu\/konyvtar\/wp-json\/wp\/v2\/types\/post"}],"author":[{"embeddable":true,"href":"https:\/\/szentes-klauzalgabor.hu\/konyvtar\/wp-json\/wp\/v2\/users\/1"}],"replies":[{"embeddable":true,"href":"https:\/\/szentes-klauzalgabor.hu\/konyvtar\/wp-json\/wp\/v2\/comments?post=127"}],"version-history":[{"count":4,"href":"https:\/\/szentes-klauzalgabor.hu\/konyvtar\/wp-json\/wp\/v2\/posts\/127\/revisions"}],"predecessor-version":[{"id":131,"href":"https:\/\/szentes-klauzalgabor.hu\/konyvtar\/wp-json\/wp\/v2\/posts\/127\/revisions\/131"}],"wp:attachment":[{"href":"https:\/\/szentes-klauzalgabor.hu\/konyvtar\/wp-json\/wp\/v2\/media?parent=127"}],"wp:term":[{"taxonomy":"category","embeddable":true,"href":"https:\/\/szentes-klauzalgabor.hu\/konyvtar\/wp-json\/wp\/v2\/categories?post=127"},{"taxonomy":"post_tag","embeddable":true,"href":"https:\/\/szentes-klauzalgabor.hu\/konyvtar\/wp-json\/wp\/v2\/tags?post=127"}],"curies":[{"name":"wp","href":"https:\/\/api.w.org\/{rel}","templated":true}]}}