{"id":162,"date":"2014-04-01T12:43:34","date_gmt":"2014-04-01T11:43:34","guid":{"rendered":"https:\/\/szentes-klauzalgabor.hu\/konyvtar\/?p=162"},"modified":"2014-04-01T12:53:40","modified_gmt":"2014-04-01T11:53:40","slug":"uj-nyitva-tartas","status":"publish","type":"post","link":"https:\/\/szentes-klauzalgabor.hu\/konyvtar\/archives\/162","title":{"rendered":"\u00daj nyitva tart\u00e1s!"},"content":{"rendered":"<p>\u00daj, hosszabb nyitvatart\u00e1ssal v\u00e1rlak benneteket a k\u00f6nyvt\u00e1rba!<\/p>\n<p>Gyertek k\u00f6lcs\u00f6n\u00f6zni, kutatni -ak\u00e1r a sz\u00e1m\u00edt\u00f3g\u00e9pek seg\u00edts\u00e9g\u00e9vel, vagy csak olvasgatni!<\/p>\n<p style=\"text-align: center;\"><span style=\"color: #ff0000;\">2014. \u00e1prilis 1. (\u00e9s ez nem tr\u00e9fa)<\/span><\/p>\n<p style=\"text-align: center;\">\n<img decoding=\"async\" class=\"rg_i\" style=\"width: 263px; height: 191px; margin-left: 0px; margin-right: 0px; margin-top: -4px;\" src=\"https:\/\/encrypted-tbn3.gstatic.com\/images?q=tbn:ANd9GcQdGlmVwBoZqFNO0O2lwwn5VatyD7B-87uX3umU0hJYD1qfpVSp\" alt=\"\" \/><\/p>\n","protected":false},"excerpt":{"rendered":"<p>\u00daj, hosszabb nyitvatart\u00e1ssal v\u00e1rlak benneteket a k\u00f6nyvt\u00e1rba! Gyertek k\u00f6lcs\u00f6n\u00f6zni, kutatni -ak\u00e1r a sz\u00e1m\u00edt\u00f3g\u00e9pek seg\u00edts\u00e9g\u00e9vel, vagy csak olvasgatni! 2014. \u00e1prilis 1. (\u00e9s ez nem tr\u00e9fa)<\/p>\n","protected":false},"author":1,"featured_media":0,"comment_status":"closed","ping_status":"closed","sticky":false,"template":"","format":"standard","meta":{"_mi_skip_tracking":false,"footnotes":""},"categories":[1],"tags":[],"class_list":["post-162","post","type-post","status-publish","format-standard","hentry","category-nincs-kategorizalva"],"_links":{"self":[{"href":"https:\/\/szentes-klauzalgabor.hu\/konyvtar\/wp-json\/wp\/v2\/posts\/162","targetHints":{"allow":["GET"]}}],"collection":[{"href":"https:\/\/szentes-klauzalgabor.hu\/konyvtar\/wp-json\/wp\/v2\/posts"}],"about":[{"href":"https:\/\/szentes-klauzalgabor.hu\/konyvtar\/wp-json\/wp\/v2\/types\/post"}],"author":[{"embeddable":true,"href":"https:\/\/szentes-klauzalgabor.hu\/konyvtar\/wp-json\/wp\/v2\/users\/1"}],"replies":[{"embeddable":true,"href":"https:\/\/szentes-klauzalgabor.hu\/konyvtar\/wp-json\/wp\/v2\/comments?post=162"}],"version-history":[{"count":5,"href":"https:\/\/szentes-klauzalgabor.hu\/konyvtar\/wp-json\/wp\/v2\/posts\/162\/revisions"}],"predecessor-version":[{"id":165,"href":"https:\/\/szentes-klauzalgabor.hu\/konyvtar\/wp-json\/wp\/v2\/posts\/162\/revisions\/165"}],"wp:attachment":[{"href":"https:\/\/szentes-klauzalgabor.hu\/konyvtar\/wp-json\/wp\/v2\/media?parent=162"}],"wp:term":[{"taxonomy":"category","embeddable":true,"href":"https:\/\/szentes-klauzalgabor.hu\/konyvtar\/wp-json\/wp\/v2\/categories?post=162"},{"taxonomy":"post_tag","embeddable":true,"href":"https:\/\/szentes-klauzalgabor.hu\/konyvtar\/wp-json\/wp\/v2\/tags?post=162"}],"curies":[{"name":"wp","href":"https:\/\/api.w.org\/{rel}","templated":true}]}}