{"id":180,"date":"2014-11-10T10:17:36","date_gmt":"2014-11-10T09:17:36","guid":{"rendered":"https:\/\/szentes-klauzalgabor.hu\/konyvtar\/?p=180"},"modified":"2017-06-29T08:03:48","modified_gmt":"2017-06-29T07:03:48","slug":"novemberi-rejtveny","status":"publish","type":"post","link":"https:\/\/szentes-klauzalgabor.hu\/konyvtar\/archives\/180","title":{"rendered":"Novemberi rejtv\u00e9ny!"},"content":{"rendered":"<p><strong>Novemberi rejtv\u00e9ny! <\/strong>Lead\u00e1si hat\u00e1rid\u0151: nov. 30.<\/p>\n<p>Kedves Fels\u0151s\u00f6k!<\/p>\n<p>Itt a havonta megjelen\u0151 rejtv\u00e9ny novemberi feladatlapja! A megold\u00e1shoz seg\u00edt a k\u00f6nyvt\u00e1r!<\/p>\n<p style=\"text-align: center;\"><span style=\"color: #ff0000;\">Szeretn\u00e9l matuzs\u00e1lemi kort meg\u00e9lni?<\/span><\/p>\n<p style=\"text-align: center;\">\n<p style=\"text-align: center;\"><em>\u201e M\u00e1ig is \u00e9lnek, ha meg nem haltak.\u201d<\/em><\/p>\n<p><em> <\/em><\/p>\n<p>Biztos Te is gondolkozt\u00e1l m\u00e1r azon, vajon meddig \u00e9lhet az ember. De tulajdonk\u00e9ppen h\u00e1ny \u00e9ves volt Matuzs\u00e1lem, aki \u00e1ll\u00edt\u00f3lag a leghosszabb \u00e9let\u0171 ember volt? Persze ehhez azt is tudni kellene, hogyan sz\u00e1m\u00edtott\u00e1k az id\u0151t a r\u00e9gi korokban! \u00c9s mi\u00e9rt \u00e9ppen 365 napos egy \u00e9v?<\/p>\n<p>1.\u00a0\u00a0 Der\u00edtsd ki, ki volt Matuzs\u00e1lem \u00e9s meddig \u00e9lt! Hol tal\u00e1lt\u00e1l adatot?<\/p>\n<p>2.\u00a0\u00a0 Gy\u0171jts n\u00e9h\u00e1ny k\u00f6nyvet, amelyek az id\u0151sz\u00e1m\u00edt\u00e1s t\u00f6rt\u00e9net\u00e9vel foglalkoznak.<\/p>\n<p>A <strong>csillag\u00e1szat (520)<\/strong> t\u00e9mak\u00f6r\u00e9b\u0151l indulj ki, hiszen nyilv\u00e1nval\u00f3, hogy az id\u0151t m\u00e1r a r\u00e9gi n\u00e9pek is a Nap \u00e9s a Hold j\u00e1r\u00e1sa alapj\u00e1n m\u00e9rt\u00e9k.<\/p>\n<p>3. A\u00a0 gy\u0171jt\u00f6tt k\u00f6nyvek seg\u00edts\u00e9g\u00e9vel azt is \u00e1llap\u00edtsd meg, ki \u00e9s mikor vezette be a ma haszn\u00e1latos napt\u00e1rt!<\/p>\n<p>J\u00f3 munk\u00e1t!<\/p>\n","protected":false},"excerpt":{"rendered":"<p>Novemberi rejtv\u00e9ny! Lead\u00e1si hat\u00e1rid\u0151: nov. 30. Kedves Fels\u0151s\u00f6k! Itt a havonta megjelen\u0151 rejtv\u00e9ny novemberi feladatlapja! A megold\u00e1shoz seg\u00edt a k\u00f6nyvt\u00e1r! Szeretn\u00e9l matuzs\u00e1lemi kort meg\u00e9lni? \u201e M\u00e1ig is \u00e9lnek, ha meg nem haltak.\u201d Biztos Te is gondolkozt\u00e1l m\u00e1r azon, vajon meddig \u00e9lhet az ember. De tulajdonk\u00e9ppen h\u00e1ny \u00e9ves volt Matuzs\u00e1lem, aki \u00e1ll\u00edt\u00f3lag a leghosszabb \u00e9let\u0171 ember [&hellip;]<\/p>\n","protected":false},"author":1,"featured_media":0,"comment_status":"closed","ping_status":"closed","sticky":false,"template":"","format":"standard","meta":{"_mi_skip_tracking":false,"footnotes":""},"categories":[1],"tags":[],"class_list":["post-180","post","type-post","status-publish","format-standard","hentry","category-nincs-kategorizalva"],"_links":{"self":[{"href":"https:\/\/szentes-klauzalgabor.hu\/konyvtar\/wp-json\/wp\/v2\/posts\/180","targetHints":{"allow":["GET"]}}],"collection":[{"href":"https:\/\/szentes-klauzalgabor.hu\/konyvtar\/wp-json\/wp\/v2\/posts"}],"about":[{"href":"https:\/\/szentes-klauzalgabor.hu\/konyvtar\/wp-json\/wp\/v2\/types\/post"}],"author":[{"embeddable":true,"href":"https:\/\/szentes-klauzalgabor.hu\/konyvtar\/wp-json\/wp\/v2\/users\/1"}],"replies":[{"embeddable":true,"href":"https:\/\/szentes-klauzalgabor.hu\/konyvtar\/wp-json\/wp\/v2\/comments?post=180"}],"version-history":[{"count":4,"href":"https:\/\/szentes-klauzalgabor.hu\/konyvtar\/wp-json\/wp\/v2\/posts\/180\/revisions"}],"predecessor-version":[{"id":432,"href":"https:\/\/szentes-klauzalgabor.hu\/konyvtar\/wp-json\/wp\/v2\/posts\/180\/revisions\/432"}],"wp:attachment":[{"href":"https:\/\/szentes-klauzalgabor.hu\/konyvtar\/wp-json\/wp\/v2\/media?parent=180"}],"wp:term":[{"taxonomy":"category","embeddable":true,"href":"https:\/\/szentes-klauzalgabor.hu\/konyvtar\/wp-json\/wp\/v2\/categories?post=180"},{"taxonomy":"post_tag","embeddable":true,"href":"https:\/\/szentes-klauzalgabor.hu\/konyvtar\/wp-json\/wp\/v2\/tags?post=180"}],"curies":[{"name":"wp","href":"https:\/\/api.w.org\/{rel}","templated":true}]}}