{"id":187,"date":"2015-01-07T12:35:32","date_gmt":"2015-01-07T11:35:32","guid":{"rendered":"https:\/\/szentes-klauzalgabor.hu\/konyvtar\/?p=187"},"modified":"2017-06-29T08:03:40","modified_gmt":"2017-06-29T07:03:40","slug":"januari-rejtveny","status":"publish","type":"post","link":"https:\/\/szentes-klauzalgabor.hu\/konyvtar\/archives\/187","title":{"rendered":"Janu\u00e1ri rejtv\u00e9ny!"},"content":{"rendered":"<p>V\u00e9get \u00e9rt a kar\u00e1csonyi \u00fcnnepk\u00f6r, \u00fajabb \u00e9vet kezd\u00fcnk.<\/p>\n<p>Ebben az \u00e9vben is havonta tal\u00e1ltok rejtv\u00e9nyeket a k\u00f6nyvt\u00e1rban \u00e9s a honlapon. Igyekezzetek min\u00e9l t\u00f6bb rejtv\u00e9ny megold\u00e1s\u00e1ban r\u00e9szt venni, a leg\u00fcgyesebbek \u00e9v v\u00e9g\u00e9n jutalomban r\u00e9szes\u00fclnek!<\/p>\n<p style=\"text-align: center;\"><strong><span style=\"color: #ff0000;\">\u00cdme a janu\u00e1ri feladv\u00e1ny! J\u00f3 munk\u00e1t!<\/span><\/strong><\/p>\n<p><strong>JANU\u00c1R-<em> BOLDOGASSZONY HAVA<\/em><\/strong><\/p>\n<p><em> <\/em><\/p>\n<p><em> <\/em><\/p>\n<p>1. Melyik napon bontjuk le a kar\u00e1csonyf\u00e1t?<\/p>\n<p>2. Melyik id\u0151szak kezd\u0151dik v\u00edzkeresztkor?<\/p>\n<p>3. Mit szentelnek meg v\u00edzkeresztkor?<\/p>\n<p>J\u00f3 rejtv\u00e9nyfejt\u00e9st az \u00faj \u00e9vben is!<\/p>\n<p>Seg\u00edts\u00e9g:<\/p>\n<p>T\u00e1trai Zsuzsanna- Kar\u00e1csony Moln\u00e1r Erika: Jeles napok, \u00fcnnepi szok\u00e1sok c\u00edm\u0171 k\u00f6nyve<\/p>\n<p><img loading=\"lazy\" decoding=\"async\" id=\"irc_mi\" src=\"http:\/\/franciamacaron.cafeblog.hu\/files\/2014\/01\/337715_111722693_big.jpg\" alt=\"\" width=\"500\" height=\"385\" \/><\/p>\n<p style=\"text-align: center;\">\n","protected":false},"excerpt":{"rendered":"<p>V\u00e9get \u00e9rt a kar\u00e1csonyi \u00fcnnepk\u00f6r, \u00fajabb \u00e9vet kezd\u00fcnk. Ebben az \u00e9vben is havonta tal\u00e1ltok rejtv\u00e9nyeket a k\u00f6nyvt\u00e1rban \u00e9s a honlapon. Igyekezzetek min\u00e9l t\u00f6bb rejtv\u00e9ny megold\u00e1s\u00e1ban r\u00e9szt venni, a leg\u00fcgyesebbek \u00e9v v\u00e9g\u00e9n jutalomban r\u00e9szes\u00fclnek! \u00cdme a janu\u00e1ri feladv\u00e1ny! J\u00f3 munk\u00e1t! JANU\u00c1R- BOLDOGASSZONY HAVA 1. Melyik napon bontjuk le a kar\u00e1csonyf\u00e1t? 2. Melyik id\u0151szak kezd\u0151dik v\u00edzkeresztkor? 3. [&hellip;]<\/p>\n","protected":false},"author":1,"featured_media":0,"comment_status":"closed","ping_status":"closed","sticky":false,"template":"","format":"standard","meta":{"_mi_skip_tracking":false,"footnotes":""},"categories":[1],"tags":[],"class_list":["post-187","post","type-post","status-publish","format-standard","hentry","category-nincs-kategorizalva"],"_links":{"self":[{"href":"https:\/\/szentes-klauzalgabor.hu\/konyvtar\/wp-json\/wp\/v2\/posts\/187","targetHints":{"allow":["GET"]}}],"collection":[{"href":"https:\/\/szentes-klauzalgabor.hu\/konyvtar\/wp-json\/wp\/v2\/posts"}],"about":[{"href":"https:\/\/szentes-klauzalgabor.hu\/konyvtar\/wp-json\/wp\/v2\/types\/post"}],"author":[{"embeddable":true,"href":"https:\/\/szentes-klauzalgabor.hu\/konyvtar\/wp-json\/wp\/v2\/users\/1"}],"replies":[{"embeddable":true,"href":"https:\/\/szentes-klauzalgabor.hu\/konyvtar\/wp-json\/wp\/v2\/comments?post=187"}],"version-history":[{"count":7,"href":"https:\/\/szentes-klauzalgabor.hu\/konyvtar\/wp-json\/wp\/v2\/posts\/187\/revisions"}],"predecessor-version":[{"id":193,"href":"https:\/\/szentes-klauzalgabor.hu\/konyvtar\/wp-json\/wp\/v2\/posts\/187\/revisions\/193"}],"wp:attachment":[{"href":"https:\/\/szentes-klauzalgabor.hu\/konyvtar\/wp-json\/wp\/v2\/media?parent=187"}],"wp:term":[{"taxonomy":"category","embeddable":true,"href":"https:\/\/szentes-klauzalgabor.hu\/konyvtar\/wp-json\/wp\/v2\/categories?post=187"},{"taxonomy":"post_tag","embeddable":true,"href":"https:\/\/szentes-klauzalgabor.hu\/konyvtar\/wp-json\/wp\/v2\/tags?post=187"}],"curies":[{"name":"wp","href":"https:\/\/api.w.org\/{rel}","templated":true}]}}