{"id":286,"date":"2015-11-10T12:23:25","date_gmt":"2015-11-10T11:23:25","guid":{"rendered":"https:\/\/szentes-klauzalgabor.hu\/konyvtar\/?p=286"},"modified":"2017-06-29T08:02:58","modified_gmt":"2017-06-29T07:02:58","slug":"novemberi-rejtveny-2","status":"publish","type":"post","link":"https:\/\/szentes-klauzalgabor.hu\/konyvtar\/archives\/286","title":{"rendered":"Novemberi rejtv\u00e9ny!"},"content":{"rendered":"<p><a href=\"https:\/\/szentes-klauzalgabor.hu\/konyvtar\/wp-content\/uploads\/2015\/11\/november.png\" rel=\"lightbox[286]\"><img loading=\"lazy\" decoding=\"async\" src=\"https:\/\/szentes-klauzalgabor.hu\/konyvtar\/wp-content\/uploads\/2015\/11\/november-e1447154736499.png\" alt=\"\" title=\"november\" width=\"300\" height=\"191\" class=\"aligncenter size-full wp-image-287\" \/><\/a><br \/>\n1.\tMikor tartjuk Szent M\u00e1rton napj\u00e1t?<\/p>\n<p>2.\tMilyen jellegzetes \u00e9telt fogyasztunk a M\u00e1rton-napon?<\/p>\n<p>3.\tMilyen n\u00e9vnapokat \u00fcnnepl\u00fcnk az al\u00e1bbi napokon, \u00e9s mely szentekhez k\u00f6thet\u0151k?<br \/>\nNovember 19.:<\/p>\n<p>November 25.: <\/p>\n<p>November 30.:<\/p>\n<p>T\u00e1trai Zsuzsanna-Kar\u00e1csony Moln\u00e1r Erika: Jeles napok, \u00fcnnepi szok\u00e1sok. Plan\u00e9t\u00e1s, 1997.<\/p>\n","protected":false},"excerpt":{"rendered":"<p>1. Mikor tartjuk Szent M\u00e1rton napj\u00e1t? 2. Milyen jellegzetes \u00e9telt fogyasztunk a M\u00e1rton-napon? 3. Milyen n\u00e9vnapokat \u00fcnnepl\u00fcnk az al\u00e1bbi napokon, \u00e9s mely szentekhez k\u00f6thet\u0151k? November 19.: November 25.: November 30.: T\u00e1trai Zsuzsanna-Kar\u00e1csony Moln\u00e1r Erika: Jeles napok, \u00fcnnepi szok\u00e1sok. Plan\u00e9t\u00e1s, 1997.<\/p>\n","protected":false},"author":1,"featured_media":0,"comment_status":"closed","ping_status":"closed","sticky":false,"template":"","format":"standard","meta":{"_mi_skip_tracking":false,"footnotes":""},"categories":[1],"tags":[],"class_list":["post-286","post","type-post","status-publish","format-standard","hentry","category-nincs-kategorizalva"],"_links":{"self":[{"href":"https:\/\/szentes-klauzalgabor.hu\/konyvtar\/wp-json\/wp\/v2\/posts\/286","targetHints":{"allow":["GET"]}}],"collection":[{"href":"https:\/\/szentes-klauzalgabor.hu\/konyvtar\/wp-json\/wp\/v2\/posts"}],"about":[{"href":"https:\/\/szentes-klauzalgabor.hu\/konyvtar\/wp-json\/wp\/v2\/types\/post"}],"author":[{"embeddable":true,"href":"https:\/\/szentes-klauzalgabor.hu\/konyvtar\/wp-json\/wp\/v2\/users\/1"}],"replies":[{"embeddable":true,"href":"https:\/\/szentes-klauzalgabor.hu\/konyvtar\/wp-json\/wp\/v2\/comments?post=286"}],"version-history":[{"count":4,"href":"https:\/\/szentes-klauzalgabor.hu\/konyvtar\/wp-json\/wp\/v2\/posts\/286\/revisions"}],"predecessor-version":[{"id":424,"href":"https:\/\/szentes-klauzalgabor.hu\/konyvtar\/wp-json\/wp\/v2\/posts\/286\/revisions\/424"}],"wp:attachment":[{"href":"https:\/\/szentes-klauzalgabor.hu\/konyvtar\/wp-json\/wp\/v2\/media?parent=286"}],"wp:term":[{"taxonomy":"category","embeddable":true,"href":"https:\/\/szentes-klauzalgabor.hu\/konyvtar\/wp-json\/wp\/v2\/categories?post=286"},{"taxonomy":"post_tag","embeddable":true,"href":"https:\/\/szentes-klauzalgabor.hu\/konyvtar\/wp-json\/wp\/v2\/tags?post=286"}],"curies":[{"name":"wp","href":"https:\/\/api.w.org\/{rel}","templated":true}]}}