{"id":372,"date":"2017-01-23T12:40:59","date_gmt":"2017-01-23T11:40:59","guid":{"rendered":"https:\/\/szentes-klauzalgabor.hu\/konyvtar\/?p=372"},"modified":"2017-06-29T08:04:59","modified_gmt":"2017-06-29T07:04:59","slug":"januari-rejtveny-3","status":"publish","type":"post","link":"https:\/\/szentes-klauzalgabor.hu\/konyvtar\/archives\/372","title":{"rendered":"Janu\u00e1ri rejtv\u00e9ny"},"content":{"rendered":"<p>1. Meg\u00e9rkezett\u00a0 a Rumini sorozat \u00f6sszes k\u00f6tete.<\/p>\n<p>Ki az \u00edr\u00f3ja a Rumini k\u00f6nyveknek \u00e9s h\u00e1ny k\u00f6tet jelent meg eddig?<\/p>\n<p>2. B\u00e1lint \u00c1gnes m\u0171veit eddig is k\u00f6lcs\u00f6n\u00f6zt\u00e9tek a k\u00f6nyvt\u00e1rb\u00f3l. Most k\u00e9t \u00faj k\u00f6tettel gazdagodtunk, amelyek egy kis\u00e1llatr\u00f3l sz\u00f3lnak. Melyik ez az \u00e1llatka? Mi a c\u00edme a k\u00e9t m\u0171nek?<\/p>\n<p>3. Ki lehet Harisny\u00e1s Pippi, \u00e9s hol \u00e9l? Seg\u00edt, ha elolvasod az \u00faj k\u00f6nyvek aj\u00e1nl\u00f3j\u00e1t!<\/p>\n<p>Gyertek az iskolai k\u00f6nyvt\u00e1rba \u00e9s az \u00faj k\u00f6nyvek seg\u00edtenek a megold\u00e1sban!<\/p>\n","protected":false},"excerpt":{"rendered":"<p>1. Meg\u00e9rkezett\u00a0 a Rumini sorozat \u00f6sszes k\u00f6tete. Ki az \u00edr\u00f3ja a Rumini k\u00f6nyveknek \u00e9s h\u00e1ny k\u00f6tet jelent meg eddig? 2. B\u00e1lint \u00c1gnes m\u0171veit eddig is k\u00f6lcs\u00f6n\u00f6zt\u00e9tek a k\u00f6nyvt\u00e1rb\u00f3l. Most k\u00e9t \u00faj k\u00f6tettel gazdagodtunk, amelyek egy kis\u00e1llatr\u00f3l sz\u00f3lnak. Melyik ez az \u00e1llatka? Mi a c\u00edme a k\u00e9t m\u0171nek? 3. Ki lehet Harisny\u00e1s Pippi, \u00e9s hol \u00e9l? [&hellip;]<\/p>\n","protected":false},"author":1,"featured_media":0,"comment_status":"closed","ping_status":"closed","sticky":false,"template":"","format":"standard","meta":{"_mi_skip_tracking":false,"footnotes":""},"categories":[1],"tags":[],"class_list":["post-372","post","type-post","status-publish","format-standard","hentry","category-nincs-kategorizalva"],"_links":{"self":[{"href":"https:\/\/szentes-klauzalgabor.hu\/konyvtar\/wp-json\/wp\/v2\/posts\/372","targetHints":{"allow":["GET"]}}],"collection":[{"href":"https:\/\/szentes-klauzalgabor.hu\/konyvtar\/wp-json\/wp\/v2\/posts"}],"about":[{"href":"https:\/\/szentes-klauzalgabor.hu\/konyvtar\/wp-json\/wp\/v2\/types\/post"}],"author":[{"embeddable":true,"href":"https:\/\/szentes-klauzalgabor.hu\/konyvtar\/wp-json\/wp\/v2\/users\/1"}],"replies":[{"embeddable":true,"href":"https:\/\/szentes-klauzalgabor.hu\/konyvtar\/wp-json\/wp\/v2\/comments?post=372"}],"version-history":[{"count":5,"href":"https:\/\/szentes-klauzalgabor.hu\/konyvtar\/wp-json\/wp\/v2\/posts\/372\/revisions"}],"predecessor-version":[{"id":436,"href":"https:\/\/szentes-klauzalgabor.hu\/konyvtar\/wp-json\/wp\/v2\/posts\/372\/revisions\/436"}],"wp:attachment":[{"href":"https:\/\/szentes-klauzalgabor.hu\/konyvtar\/wp-json\/wp\/v2\/media?parent=372"}],"wp:term":[{"taxonomy":"category","embeddable":true,"href":"https:\/\/szentes-klauzalgabor.hu\/konyvtar\/wp-json\/wp\/v2\/categories?post=372"},{"taxonomy":"post_tag","embeddable":true,"href":"https:\/\/szentes-klauzalgabor.hu\/konyvtar\/wp-json\/wp\/v2\/tags?post=372"}],"curies":[{"name":"wp","href":"https:\/\/api.w.org\/{rel}","templated":true}]}}