{"id":403,"date":"2017-02-14T14:05:25","date_gmt":"2017-02-14T13:05:25","guid":{"rendered":"https:\/\/szentes-klauzalgabor.hu\/konyvtar\/?p=403"},"modified":"2017-06-29T08:04:56","modified_gmt":"2017-06-29T07:04:56","slug":"februari-rejtveny-2","status":"publish","type":"post","link":"https:\/\/szentes-klauzalgabor.hu\/konyvtar\/archives\/403","title":{"rendered":"Febru\u00e1ri rejtv\u00e9ny!"},"content":{"rendered":"<p><strong><em>FEBRU\u00c1R- B\u00d6JTEL\u0150 HAVA<\/em><\/strong><\/p>\n<p><strong><em> <\/em><\/strong><\/p>\n<p>1. Mett\u0151l meddig tart a farsang id\u0151szaka?<\/p>\n<p>\/Magyar \u00e9rtelmez\u0151 k\u00e9zisz\u00f3t\u00e1r, lexikonok\/<\/p>\n<p>2. Eml\u00edts n\u00e9h\u00e1ny h\u00edres karnev\u00e1lt! Hol rendezik meg ezeket?<\/p>\n<p><a href=\"https:\/\/szentes-klauzalgabor.hu\/konyvtar\/wp-content\/uploads\/2017\/02\/farsang1.jpg\" rel=\"lightbox[403]\"><img loading=\"lazy\" decoding=\"async\" class=\"size-thumbnail wp-image-404 alignleft\" title=\"farsang1\" src=\"https:\/\/szentes-klauzalgabor.hu\/konyvtar\/wp-content\/uploads\/2017\/02\/farsang1-150x150.jpg\" alt=\"\" width=\"150\" height=\"150\" \/><\/a><\/p>\n<p><a href=\"https:\/\/szentes-klauzalgabor.hu\/konyvtar\/wp-content\/uploads\/2017\/02\/farsang2.jpg\" rel=\"lightbox[403]\"><img loading=\"lazy\" decoding=\"async\" class=\"size-thumbnail wp-image-405 alignnone\" title=\"farsang2\" src=\"https:\/\/szentes-klauzalgabor.hu\/konyvtar\/wp-content\/uploads\/2017\/02\/farsang2-150x145.jpg\" alt=\"\" width=\"150\" height=\"145\" \/><\/a><a href=\"https:\/\/szentes-klauzalgabor.hu\/konyvtar\/wp-content\/uploads\/2017\/02\/farsang3.jpg\" rel=\"lightbox[403]\"><img loading=\"lazy\" decoding=\"async\" class=\"size-thumbnail wp-image-406    alignleft\" title=\"farsang3\" src=\"https:\/\/szentes-klauzalgabor.hu\/konyvtar\/wp-content\/uploads\/2017\/02\/farsang3-150x150.jpg\" alt=\"\" width=\"150\" height=\"150\" \/><\/a><\/p>\n<p>1\u2026\u2026\u2026\u2026\u2026\u2026\u2026\u00a0\u00a0\u00a0\u00a0\u00a0\u00a0 \u00a0\u00a02\u2026\u2026\u2026\u2026\u2026\u2026\u2026\u00a0\u00a0\u00a0\u00a0\u00a0 \u00a0\u00a0\u00a0\u00a0\u00a0\u00a0\u00a03\u2026\u2026\u2026\u2026\u2026\u2026\u2026\u2026<\/p>\n<p>3. \u00cdrj n\u00e9h\u00e1ny jellegzetes farsangi \u00e9telt!<\/p>\n","protected":false},"excerpt":{"rendered":"<p>FEBRU\u00c1R- B\u00d6JTEL\u0150 HAVA 1. Mett\u0151l meddig tart a farsang id\u0151szaka? \/Magyar \u00e9rtelmez\u0151 k\u00e9zisz\u00f3t\u00e1r, lexikonok\/ 2. Eml\u00edts n\u00e9h\u00e1ny h\u00edres karnev\u00e1lt! Hol rendezik meg ezeket? 1\u2026\u2026\u2026\u2026\u2026\u2026\u2026\u00a0\u00a0\u00a0\u00a0\u00a0\u00a0 \u00a0\u00a02\u2026\u2026\u2026\u2026\u2026\u2026\u2026\u00a0\u00a0\u00a0\u00a0\u00a0 \u00a0\u00a0\u00a0\u00a0\u00a0\u00a0\u00a03\u2026\u2026\u2026\u2026\u2026\u2026\u2026\u2026 3. \u00cdrj n\u00e9h\u00e1ny jellegzetes farsangi \u00e9telt!<\/p>\n","protected":false},"author":1,"featured_media":0,"comment_status":"closed","ping_status":"closed","sticky":false,"template":"","format":"standard","meta":{"_mi_skip_tracking":false,"footnotes":""},"categories":[1],"tags":[],"class_list":["post-403","post","type-post","status-publish","format-standard","hentry","category-nincs-kategorizalva"],"_links":{"self":[{"href":"https:\/\/szentes-klauzalgabor.hu\/konyvtar\/wp-json\/wp\/v2\/posts\/403","targetHints":{"allow":["GET"]}}],"collection":[{"href":"https:\/\/szentes-klauzalgabor.hu\/konyvtar\/wp-json\/wp\/v2\/posts"}],"about":[{"href":"https:\/\/szentes-klauzalgabor.hu\/konyvtar\/wp-json\/wp\/v2\/types\/post"}],"author":[{"embeddable":true,"href":"https:\/\/szentes-klauzalgabor.hu\/konyvtar\/wp-json\/wp\/v2\/users\/1"}],"replies":[{"embeddable":true,"href":"https:\/\/szentes-klauzalgabor.hu\/konyvtar\/wp-json\/wp\/v2\/comments?post=403"}],"version-history":[{"count":7,"href":"https:\/\/szentes-klauzalgabor.hu\/konyvtar\/wp-json\/wp\/v2\/posts\/403\/revisions"}],"predecessor-version":[{"id":435,"href":"https:\/\/szentes-klauzalgabor.hu\/konyvtar\/wp-json\/wp\/v2\/posts\/403\/revisions\/435"}],"wp:attachment":[{"href":"https:\/\/szentes-klauzalgabor.hu\/konyvtar\/wp-json\/wp\/v2\/media?parent=403"}],"wp:term":[{"taxonomy":"category","embeddable":true,"href":"https:\/\/szentes-klauzalgabor.hu\/konyvtar\/wp-json\/wp\/v2\/categories?post=403"},{"taxonomy":"post_tag","embeddable":true,"href":"https:\/\/szentes-klauzalgabor.hu\/konyvtar\/wp-json\/wp\/v2\/tags?post=403"}],"curies":[{"name":"wp","href":"https:\/\/api.w.org\/{rel}","templated":true}]}}